{"id":12887,"date":"2025-01-03T15:16:58","date_gmt":"2025-01-03T18:16:58","guid":{"rendered":"https:\/\/diabahia.com.br\/?p=12887"},"modified":"2025-01-03T15:16:58","modified_gmt":"2025-01-03T18:16:58","slug":"apos-um-ano-sem-alteracoes-tarifa-do-onibus-de-salvador-passa-a-custar-r-560","status":"publish","type":"post","link":"https:\/\/diabahia.com.br\/index.php\/2025\/01\/03\/apos-um-ano-sem-alteracoes-tarifa-do-onibus-de-salvador-passa-a-custar-r-560\/","title":{"rendered":"Ap\u00f3s um ano sem altera\u00e7\u00f5es, tarifa do \u00f4nibus de Salvador passa a custar R$ 5,60"},"content":{"rendered":"\n<p>A partir do pr\u00f3ximo s\u00e1bado (04), a tarifa do transporte p\u00fablico de Salvador passar\u00e1 a valer R$&nbsp;5,60. A decis\u00e3o foi comunicada nesta quinta-feira (02), em portaria da Ag\u00eancia Reguladora e Fiscalizadora dos Servi\u00e7os P\u00fablicos de Salvador (Arsal) no Di\u00e1rio Oficial do Munic\u00edpio. A \u00faltima altera\u00e7\u00e3o na tarifa ocorreu em novembro de 2023.<\/p>\n\n\n\n<p>O valor do reajuste leva em considera\u00e7\u00e3o os resultados de estudos t\u00e9cnicos realizados pela Arsal e \u00e9 equivalente \u00e0 infla\u00e7\u00e3o acumulada desde 2023. A tarifa passa de R$ 5,20 para R$ 5,60, um aumento de cerca de 7,69%. O reajuste ser\u00e1 praticado ao longo de todo 2025, tanto pelos \u00f4nibus coletivos quanto pelos sistemas BRT e STEC.<\/p>\n\n\n\n<p>A Prefeitura de Salvador se comprometeu a continuar investindo na melhoria do transporte p\u00fablico da capital. Ainda em janeiro, mais 49 \u00f4nibus de 15 metros e 55 convencionais ser\u00e3o implementados no sistema BRT. Ainda este ano, mais de 300 \u00f4nibus com ar-condicionado dever\u00e3o ser adicionados \u00e0 frota de Salvador, al\u00e9m de mais 90 ve\u00edculos el\u00e9tricos.&nbsp;<\/p>\n\n\n\n<p>Fonte: Varela Net<\/p>\n","protected":false},"excerpt":{"rendered":"<p>A partir do pr\u00f3ximo s\u00e1bado (04), a tarifa do transporte p\u00fablico de Salvador passar\u00e1 a valer R$&nbsp;5,60. A decis\u00e3o foi comunicada nesta quinta-feira (02), em portaria da Ag\u00eancia Reguladora e Fiscalizadora dos Servi\u00e7os P\u00fablicos de Salvador (Arsal) no Di\u00e1rio Oficial do Munic\u00edpio. A \u00faltima altera\u00e7\u00e3o na tarifa ocorreu em novembro de 2023. O valor do [&hellip;]<\/p>\n","protected":false},"author":2,"featured_media":12886,"comment_status":"closed","ping_status":"open","sticky":false,"template":"","format":"standard","meta":{"footnotes":""},"categories":[85],"tags":[],"class_list":["post-12887","post","type-post","status-publish","format-standard","has-post-thumbnail","hentry","category-noticias"],"_links":{"self":[{"href":"https:\/\/diabahia.com.br\/index.php\/wp-json\/wp\/v2\/posts\/12887","targetHints":{"allow":["GET"]}}],"collection":[{"href":"https:\/\/diabahia.com.br\/index.php\/wp-json\/wp\/v2\/posts"}],"about":[{"href":"https:\/\/diabahia.com.br\/index.php\/wp-json\/wp\/v2\/types\/post"}],"author":[{"embeddable":true,"href":"https:\/\/diabahia.com.br\/index.php\/wp-json\/wp\/v2\/users\/2"}],"replies":[{"embeddable":true,"href":"https:\/\/diabahia.com.br\/index.php\/wp-json\/wp\/v2\/comments?post=12887"}],"version-history":[{"count":0,"href":"https:\/\/diabahia.com.br\/index.php\/wp-json\/wp\/v2\/posts\/12887\/revisions"}],"wp:featuredmedia":[{"embeddable":true,"href":"https:\/\/diabahia.com.br\/index.php\/wp-json\/wp\/v2\/media\/12886"}],"wp:attachment":[{"href":"https:\/\/diabahia.com.br\/index.php\/wp-json\/wp\/v2\/media?parent=12887"}],"wp:term":[{"taxonomy":"category","embeddable":true,"href":"https:\/\/diabahia.com.br\/index.php\/wp-json\/wp\/v2\/categories?post=12887"},{"taxonomy":"post_tag","embeddable":true,"href":"https:\/\/diabahia.com.br\/index.php\/wp-json\/wp\/v2\/tags?post=12887"}],"curies":[{"name":"wp","href":"https:\/\/api.w.org\/{rel}","templated":true}]}}