{"id":12881,"date":"2025-01-02T14:50:16","date_gmt":"2025-01-02T17:50:16","guid":{"rendered":"https:\/\/diabahia.com.br\/?p=12881"},"modified":"2025-01-02T14:50:16","modified_gmt":"2025-01-02T17:50:16","slug":"bruno-reis-confirma-apoio-a-neto-em-possivel-disputa-ao-governo","status":"publish","type":"post","link":"https:\/\/diabahia.com.br\/index.php\/2025\/01\/02\/bruno-reis-confirma-apoio-a-neto-em-possivel-disputa-ao-governo\/","title":{"rendered":"Bruno Reis confirma apoio a Neto em poss\u00edvel disputa ao governo"},"content":{"rendered":"\n<p>O prefeito de Salvador, Bruno Reis, falou sobre a poss\u00edvel candidatura de ACM Neto ao governo do estado em 2026, ap\u00f3s a cerim\u00f4nia de posse, na tarde desta quarta-feira (01). &nbsp;<\/p>\n\n\n\n<p>Ele afirmou em entrevista, que apesar do nome de Neto ainda n\u00e3o ter sido definido, ele prestar\u00e1 apoio integral caso o ex-prefeito decida se candidatar. \u201cPrimeiro, meu pr\u00e9-candidato a governador \u00e9 ACM Neto, ele sendo candidato ter\u00e1 meu total e integral apoio. Ele ainda n\u00e3o tomou essa decis\u00e3o, tomar\u00e1 no momento certo\u201d, disse.<\/p>\n\n\n\n<p>Em sua primeira entrevista coletiva ap\u00f3s a posse de seu segundo mandato como prefeito de Salvador, o gestor ainda destacou sua aprova\u00e7\u00e3o que foi refletida nas urnas ao ser reeleito por mais quatro anos nas elei\u00e7\u00f5es de outubro do ano passado.<\/p>\n\n\n\n<p>\u201cN\u00f3s conseguimos fazer uma gest\u00e3o que hoje o p\u00fablico est\u00e1 orgulhoso e a gest\u00e3o que foi a melhor gest\u00e3o avaliada do Brasil. E quem disse isso, foi o povo nas urnas das grandes cidades do Brasil. N\u00f3s tivemos a alegria e a felicidade de sermos reconduzidos como os mais votados. Com a experi\u00eancia que eu j\u00e1 acumulei ao longo desses anos de vida p\u00fablica, 2025 \u00e9 um ano de trabalho\u201d, acrescenta.&nbsp;<\/p>\n\n\n\n<p>Fonte: Varela Net<\/p>\n","protected":false},"excerpt":{"rendered":"<p>O prefeito de Salvador, Bruno Reis, falou sobre a poss\u00edvel candidatura de ACM Neto ao governo do estado em 2026, ap\u00f3s a cerim\u00f4nia de posse, na tarde desta quarta-feira (01). &nbsp; Ele afirmou em entrevista, que apesar do nome de Neto ainda n\u00e3o ter sido definido, ele prestar\u00e1 apoio integral caso o ex-prefeito decida se [&hellip;]<\/p>\n","protected":false},"author":2,"featured_media":12880,"comment_status":"closed","ping_status":"open","sticky":false,"template":"","format":"standard","meta":{"footnotes":""},"categories":[91],"tags":[],"class_list":["post-12881","post","type-post","status-publish","format-standard","has-post-thumbnail","hentry","category-politica"],"_links":{"self":[{"href":"https:\/\/diabahia.com.br\/index.php\/wp-json\/wp\/v2\/posts\/12881","targetHints":{"allow":["GET"]}}],"collection":[{"href":"https:\/\/diabahia.com.br\/index.php\/wp-json\/wp\/v2\/posts"}],"about":[{"href":"https:\/\/diabahia.com.br\/index.php\/wp-json\/wp\/v2\/types\/post"}],"author":[{"embeddable":true,"href":"https:\/\/diabahia.com.br\/index.php\/wp-json\/wp\/v2\/users\/2"}],"replies":[{"embeddable":true,"href":"https:\/\/diabahia.com.br\/index.php\/wp-json\/wp\/v2\/comments?post=12881"}],"version-history":[{"count":0,"href":"https:\/\/diabahia.com.br\/index.php\/wp-json\/wp\/v2\/posts\/12881\/revisions"}],"wp:featuredmedia":[{"embeddable":true,"href":"https:\/\/diabahia.com.br\/index.php\/wp-json\/wp\/v2\/media\/12880"}],"wp:attachment":[{"href":"https:\/\/diabahia.com.br\/index.php\/wp-json\/wp\/v2\/media?parent=12881"}],"wp:term":[{"taxonomy":"category","embeddable":true,"href":"https:\/\/diabahia.com.br\/index.php\/wp-json\/wp\/v2\/categories?post=12881"},{"taxonomy":"post_tag","embeddable":true,"href":"https:\/\/diabahia.com.br\/index.php\/wp-json\/wp\/v2\/tags?post=12881"}],"curies":[{"name":"wp","href":"https:\/\/api.w.org\/{rel}","templated":true}]}}