{"id":12878,"date":"2025-01-02T14:49:22","date_gmt":"2025-01-02T17:49:22","guid":{"rendered":"https:\/\/diabahia.com.br\/?p=12878"},"modified":"2025-01-02T14:49:22","modified_gmt":"2025-01-02T17:49:22","slug":"com-39-votos-carlos-muniz-e-reeleito-presidente-da-camara-de-vereadores-de-salvador","status":"publish","type":"post","link":"https:\/\/diabahia.com.br\/index.php\/2025\/01\/02\/com-39-votos-carlos-muniz-e-reeleito-presidente-da-camara-de-vereadores-de-salvador\/","title":{"rendered":"Com 39 votos, Carlos Muniz \u00e9 reeleito presidente da C\u00e2mara de Vereadores de Salvador"},"content":{"rendered":"\n<p>O vereador Carlos Muniz foi reeleito presidente da C\u00e2mara Municipal de Salvador (CMS) para a 20\u00aa Legislatura (2025 \u2013 2028). A sess\u00e3o solene ocorreu na manh\u00e3 desta quinta-feira (2).<\/p>\n\n\n\n<p>Carlos Muniz recebeu 39 votos, ele disputou a presid\u00eancia da C\u00e2mara com Hamilton Assis (PSOL), que recebeu dois votos.&nbsp;<\/p>\n\n\n\n<p>Com a vota\u00e7\u00e3o da mesa diretora, Maur\u00edcio Trindade (PP) ocupa a primeira vice-presid\u00eancia, Duda Sanches (Uni\u00e3o Brasil) a segunda vice-presid\u00eancia e Sidninho (PP) a terceira vice.<\/p>\n\n\n\n<p>O vereador Cl\u00e1udio Tinoco (Uni\u00e3o Brasil) ocupa a vaga de primeiro secret\u00e1rio, Ricardo Almeida (DC) a de segundo secret\u00e1rio, Cris Correia (PSDB) a terceira vaga para secret\u00e1ria e Kel Torres (Republicanos) a quarta. A corregedoria \u00e9 destinada ao vereador Alexandre Aleluia (PL) e a ouvidora a H\u00e9lio Ferreira (PCdoB).<\/p>\n\n\n\n<p>Reeleito vereador de Salvador pela 5\u00aa vez, Carlos Muniz foi o segundo edil mais votado da capital baiana com mais de 24 mil votos.&nbsp;<\/p>\n\n\n\n<p>Fonte: Varela Net<\/p>\n","protected":false},"excerpt":{"rendered":"<p>O vereador Carlos Muniz foi reeleito presidente da C\u00e2mara Municipal de Salvador (CMS) para a 20\u00aa Legislatura (2025 \u2013 2028). A sess\u00e3o solene ocorreu na manh\u00e3 desta quinta-feira (2). Carlos Muniz recebeu 39 votos, ele disputou a presid\u00eancia da C\u00e2mara com Hamilton Assis (PSOL), que recebeu dois votos.&nbsp; Com a vota\u00e7\u00e3o da mesa diretora, Maur\u00edcio [&hellip;]<\/p>\n","protected":false},"author":2,"featured_media":12877,"comment_status":"closed","ping_status":"open","sticky":false,"template":"","format":"standard","meta":{"footnotes":""},"categories":[91],"tags":[],"class_list":["post-12878","post","type-post","status-publish","format-standard","has-post-thumbnail","hentry","category-politica"],"_links":{"self":[{"href":"https:\/\/diabahia.com.br\/index.php\/wp-json\/wp\/v2\/posts\/12878","targetHints":{"allow":["GET"]}}],"collection":[{"href":"https:\/\/diabahia.com.br\/index.php\/wp-json\/wp\/v2\/posts"}],"about":[{"href":"https:\/\/diabahia.com.br\/index.php\/wp-json\/wp\/v2\/types\/post"}],"author":[{"embeddable":true,"href":"https:\/\/diabahia.com.br\/index.php\/wp-json\/wp\/v2\/users\/2"}],"replies":[{"embeddable":true,"href":"https:\/\/diabahia.com.br\/index.php\/wp-json\/wp\/v2\/comments?post=12878"}],"version-history":[{"count":0,"href":"https:\/\/diabahia.com.br\/index.php\/wp-json\/wp\/v2\/posts\/12878\/revisions"}],"wp:featuredmedia":[{"embeddable":true,"href":"https:\/\/diabahia.com.br\/index.php\/wp-json\/wp\/v2\/media\/12877"}],"wp:attachment":[{"href":"https:\/\/diabahia.com.br\/index.php\/wp-json\/wp\/v2\/media?parent=12878"}],"wp:term":[{"taxonomy":"category","embeddable":true,"href":"https:\/\/diabahia.com.br\/index.php\/wp-json\/wp\/v2\/categories?post=12878"},{"taxonomy":"post_tag","embeddable":true,"href":"https:\/\/diabahia.com.br\/index.php\/wp-json\/wp\/v2\/tags?post=12878"}],"curies":[{"name":"wp","href":"https:\/\/api.w.org\/{rel}","templated":true}]}}