{"id":12804,"date":"2024-12-18T14:27:13","date_gmt":"2024-12-18T17:27:13","guid":{"rendered":"https:\/\/diabahia.com.br\/?p=12804"},"modified":"2024-12-18T14:27:17","modified_gmt":"2024-12-18T17:27:17","slug":"estudante-estava-com-a-mae-quando-foi-baleado-por-engano-em-feira-de-santana","status":"publish","type":"post","link":"https:\/\/diabahia.com.br\/index.php\/2024\/12\/18\/estudante-estava-com-a-mae-quando-foi-baleado-por-engano-em-feira-de-santana\/","title":{"rendered":"Estudante estava com a m\u00e3e quando foi baleado por engano em Feira de Santana"},"content":{"rendered":"\n<p id=\"paragrafo-kzo3vkje02\">A morte cerebral de Kauan Gomes, de 20 anos, foi confirmada quatro dias ap\u00f3s ele ser atingido por um tiro na cabe\u00e7a em uma das avenidas mais movimentadas de Feira de Santana. Na sexta-feira (13), por volta das 6 horas, ele estava no banco do passageiro do carro da m\u00e3e quando foi atingido na cabe\u00e7a. Kauan era estudante de Educa\u00e7\u00e3o F\u00edsica e trabalhava em uma academia de crossfit. A fam\u00edlia acredita que ele tenha sido baleado por engano durante uma persegui\u00e7\u00e3o.\u00a0<\/p>\n\n\n\n<p id=\"paragrafo-9l6oomay3e\">Kauan Gomes estava no carro com a m\u00e3e e uma amiga a caminho do trabalho. Eles trafegavam na avenida&nbsp;Francisco Fraga Maia, quando escutaram disparos de arma de fogo. Poucos segundo depois, a m\u00e3e de Kauan, que dirigia o ve\u00edculo, percebeu que o filho havia sido atingido.<\/p>\n\n\n\n<p id=\"paragrafo-mhs5viej4n\">Ele foi internado no\u00a0Hospital Geral Cl\u00e9riston Andrade, em Feira de Santana, e teve a morte confirmada na ter\u00e7a (17). Segundo a fam\u00edlia, seus \u00f3rg\u00e3os ser\u00e3o doados. Ainda n\u00e3o h\u00e1 informa\u00e7\u00f5es sobre o sepultamento do jovem. Reinaldo Silva, primo de Kauan, conta como foi a rea\u00e7\u00e3o da m\u00e3e no momento em que percebeu que o filho havia sido atingido.\u00a0<\/p>\n\n\n\n<p id=\"paragrafo-fztqz0sebu\">&#8220;Ela percebeu que ele foi alvejado e desceu do carro para socorrer. Meu primo chegou ao hospital praticamente sem vida, apesar de terem tentado salv\u00e1-lo&#8221;, lamenta Reinaldo. &#8220;Ontem, recebemos o laudo de que ele n\u00e3o tem mais atividade cerebral, e ele vai virar um doador de \u00f3rg\u00e3os&#8221;, afirma Reinaldo.&nbsp;<\/p>\n\n\n\n<p id=\"paragrafo-2f0rri7dwk\">Segundos antes de notar que o filho havia sido baleado, a m\u00e3e de Kauan percebeu que estava sendo seguida. A fam\u00edlia acredita que o jovem foi baleado por engano durante uma persegui\u00e7\u00e3o. Informa\u00e7\u00f5es obtidas por parentes s\u00e3o conta que o autor do disparo acreditava que estava seguindo a companheira ap\u00f3s uma briga. Ambos estariam juntos na avenida Fraga Maia, que concentra diversos bares e restaurantes, quando iniciaram uma discuss\u00e3o.&nbsp;<\/p>\n\n\n\n<p id=\"paragrafo-5nx8pdsv10\">A Pol\u00edcia Civil foi procurada pela reportagem, mas n\u00e3o se manifestou sobre o andamento da investiga\u00e7\u00e3o at\u00e9 esta publica\u00e7\u00e3o.\u00a0<\/p>\n\n\n\n<p>Fonte: Jornal Correio <\/p>\n","protected":false},"excerpt":{"rendered":"<p>A morte cerebral de Kauan Gomes, de 20 anos, foi confirmada quatro dias ap\u00f3s ele ser atingido por um tiro na cabe\u00e7a em uma das avenidas mais movimentadas de Feira de Santana. Na sexta-feira (13), por volta das 6 horas, ele estava no banco do passageiro do carro da m\u00e3e quando foi atingido na cabe\u00e7a. [&hellip;]<\/p>\n","protected":false},"author":2,"featured_media":12806,"comment_status":"closed","ping_status":"open","sticky":false,"template":"","format":"standard","meta":{"footnotes":""},"categories":[85],"tags":[],"class_list":["post-12804","post","type-post","status-publish","format-standard","has-post-thumbnail","hentry","category-noticias"],"_links":{"self":[{"href":"https:\/\/diabahia.com.br\/index.php\/wp-json\/wp\/v2\/posts\/12804","targetHints":{"allow":["GET"]}}],"collection":[{"href":"https:\/\/diabahia.com.br\/index.php\/wp-json\/wp\/v2\/posts"}],"about":[{"href":"https:\/\/diabahia.com.br\/index.php\/wp-json\/wp\/v2\/types\/post"}],"author":[{"embeddable":true,"href":"https:\/\/diabahia.com.br\/index.php\/wp-json\/wp\/v2\/users\/2"}],"replies":[{"embeddable":true,"href":"https:\/\/diabahia.com.br\/index.php\/wp-json\/wp\/v2\/comments?post=12804"}],"version-history":[{"count":0,"href":"https:\/\/diabahia.com.br\/index.php\/wp-json\/wp\/v2\/posts\/12804\/revisions"}],"wp:featuredmedia":[{"embeddable":true,"href":"https:\/\/diabahia.com.br\/index.php\/wp-json\/wp\/v2\/media\/12806"}],"wp:attachment":[{"href":"https:\/\/diabahia.com.br\/index.php\/wp-json\/wp\/v2\/media?parent=12804"}],"wp:term":[{"taxonomy":"category","embeddable":true,"href":"https:\/\/diabahia.com.br\/index.php\/wp-json\/wp\/v2\/categories?post=12804"},{"taxonomy":"post_tag","embeddable":true,"href":"https:\/\/diabahia.com.br\/index.php\/wp-json\/wp\/v2\/tags?post=12804"}],"curies":[{"name":"wp","href":"https:\/\/api.w.org\/{rel}","templated":true}]}}