{"id":12749,"date":"2024-12-13T10:41:04","date_gmt":"2024-12-13T13:41:04","guid":{"rendered":"https:\/\/diabahia.com.br\/?p=12749"},"modified":"2024-12-13T10:41:04","modified_gmt":"2024-12-13T13:41:04","slug":"ex-bailarina-do-faustao-esta-sendo-investigada-por-suposta-lavagem-de-dinheiro-para-o-pcc","status":"publish","type":"post","link":"https:\/\/diabahia.com.br\/index.php\/2024\/12\/13\/ex-bailarina-do-faustao-esta-sendo-investigada-por-suposta-lavagem-de-dinheiro-para-o-pcc\/","title":{"rendered":"Ex-bailarina do Faust\u00e3o est\u00e1 sendo investigada por suposta lavagem de dinheiro para o PCC"},"content":{"rendered":"\n<p>O Minist\u00e9rio P\u00fablico do Rio Grande do Norte (MPRN) denunciou a ex-bailarina do Faust\u00e3o por suspeita de envolvimento em um esquema de lavagem de dinheiro ligado ao Primeiro Comando da Capital (PCC). Os valores podem chegar a 15 milh\u00f5es de reais. A dan\u00e7arina foi submetida \u00e0 pris\u00e3o preventiva em novembro deste ano.<\/p>\n\n\n\n<p>Natacha supostamente teria um v\u00ednculo com um dos l\u00edderes do PCC, Valdeci Alves dos Santos, mais conhecido como Prateado. Valdeci chefiava um esquema de lavagem de dinheiro da organiza\u00e7\u00e3o criminosa. A Justi\u00e7a revelou que a dan\u00e7arina estava ao lado de Valdeci quando ele foi preso em 2022 e tamb\u00e9m apontou que Natacha o visitava frequentemente na pris\u00e3o, o que refor\u00e7ou o v\u00ednculo entre os dois.<\/p>\n\n\n\n<p>Durante transa\u00e7\u00f5es financeiras, a dan\u00e7arina teria utilizado seu nome e o de sua m\u00e3e para disfar\u00e7ar os valores. Al\u00e9m do envolvimento com um dos l\u00edderes da organiza\u00e7\u00e3o, a dan\u00e7arina tinha v\u00ednculos com outros membros importantes do PCC.<\/p>\n\n\n\n<p>Segundo o Minist\u00e9rio P\u00fablico, at\u00e9 fevereiro deste ano, Natacha movimentou um total de R$ 15.022.089,87, divididos entre transa\u00e7\u00f5es de d\u00e9bito e cr\u00e9dito que ultrapassam os 7 milh\u00f5es de reais cada.<\/p>\n\n\n\n<p>A dan\u00e7arina passou a levantar suspeitas devido \u00e0s movimenta\u00e7\u00f5es em suas contas pessoais e empresariais, j\u00e1 que o montante movimentado n\u00e3o condizia com sua renda declarada, o que levou a ser considerada &#8220;laranja&#8221; da organiza\u00e7\u00e3o.<\/p>\n\n\n\n<p>Fonte: Varela Net<\/p>\n","protected":false},"excerpt":{"rendered":"<p>O Minist\u00e9rio P\u00fablico do Rio Grande do Norte (MPRN) denunciou a ex-bailarina do Faust\u00e3o por suspeita de envolvimento em um esquema de lavagem de dinheiro ligado ao Primeiro Comando da Capital (PCC). Os valores podem chegar a 15 milh\u00f5es de reais. A dan\u00e7arina foi submetida \u00e0 pris\u00e3o preventiva em novembro deste ano. Natacha supostamente teria [&hellip;]<\/p>\n","protected":false},"author":2,"featured_media":12748,"comment_status":"closed","ping_status":"open","sticky":false,"template":"","format":"standard","meta":{"footnotes":""},"categories":[85],"tags":[],"class_list":["post-12749","post","type-post","status-publish","format-standard","has-post-thumbnail","hentry","category-noticias"],"_links":{"self":[{"href":"https:\/\/diabahia.com.br\/index.php\/wp-json\/wp\/v2\/posts\/12749","targetHints":{"allow":["GET"]}}],"collection":[{"href":"https:\/\/diabahia.com.br\/index.php\/wp-json\/wp\/v2\/posts"}],"about":[{"href":"https:\/\/diabahia.com.br\/index.php\/wp-json\/wp\/v2\/types\/post"}],"author":[{"embeddable":true,"href":"https:\/\/diabahia.com.br\/index.php\/wp-json\/wp\/v2\/users\/2"}],"replies":[{"embeddable":true,"href":"https:\/\/diabahia.com.br\/index.php\/wp-json\/wp\/v2\/comments?post=12749"}],"version-history":[{"count":0,"href":"https:\/\/diabahia.com.br\/index.php\/wp-json\/wp\/v2\/posts\/12749\/revisions"}],"wp:featuredmedia":[{"embeddable":true,"href":"https:\/\/diabahia.com.br\/index.php\/wp-json\/wp\/v2\/media\/12748"}],"wp:attachment":[{"href":"https:\/\/diabahia.com.br\/index.php\/wp-json\/wp\/v2\/media?parent=12749"}],"wp:term":[{"taxonomy":"category","embeddable":true,"href":"https:\/\/diabahia.com.br\/index.php\/wp-json\/wp\/v2\/categories?post=12749"},{"taxonomy":"post_tag","embeddable":true,"href":"https:\/\/diabahia.com.br\/index.php\/wp-json\/wp\/v2\/tags?post=12749"}],"curies":[{"name":"wp","href":"https:\/\/api.w.org\/{rel}","templated":true}]}}