{"id":12675,"date":"2024-12-11T10:35:55","date_gmt":"2024-12-11T13:35:55","guid":{"rendered":"https:\/\/diabahia.com.br\/?p=12675"},"modified":"2024-12-11T10:35:57","modified_gmt":"2024-12-11T13:35:57","slug":"transalvador-regulamentou-mais-de-470-vagas-de-zona-azul-para-quem-vai-visitar-o-evento-luzes-de-natal","status":"publish","type":"post","link":"https:\/\/diabahia.com.br\/index.php\/2024\/12\/11\/transalvador-regulamentou-mais-de-470-vagas-de-zona-azul-para-quem-vai-visitar-o-evento-luzes-de-natal\/","title":{"rendered":"Transalvador regulamentou mais de 470 vagas de Zona Azul para quem vai visitar o evento Luzes de Natal"},"content":{"rendered":"\n<p>A Transalvador regulamentou mais de 470 vagas de estacionamento na regi\u00e3o do centro hist\u00f3rico para as pessoas que v\u00e3o visitar o evento&nbsp;Luzes de Natal, a decora\u00e7\u00e3o do Natal, Salvador 2024.&nbsp;A medida foi publicada no Di\u00e1rio Oficial do Munic\u00edpio (DOM) da \u00faltima segunda-feira (9) e vai at\u00e9 o dia 5 de janeiro.&nbsp;<\/p>\n\n\n\n<p>Foram criadas 13&nbsp;\u00e1reas de zona azul, sendo que a maior delas fica na Avenida Jos\u00e9 Joaquim Seabra, onde ser\u00e3o disponibilizadas 135 vagas de estacionamento. Todas as vagas v\u00e3o funcionar de segunda a domingo, entre 17h e 00h, com tarifa de R$ 10.&nbsp;<\/p>\n\n\n\n<p>A segunda maior vaga fica na Avenida Sete, com in\u00edcio na regi\u00e3o pr\u00f3xima ao Consulado da Casa D&#8217;It\u00e1lia, indo at\u00e9 a pra\u00e7a Castro Alves. Tamb\u00e9m foram regulamentados estacionamentos na Rua do Para\u00edso, com 32 vagas.<\/p>\n\n\n\n<p>A programa\u00e7\u00e3o de Natal vai at\u00e9 o dia 6 de janeiro de 2025 e conta com diversas apresenta\u00e7\u00f5es musicais, desfiles, pres\u00e9pio e a visita \u00e0 Casa do Papai Noel. <\/p>\n\n\n\n<p>Fonte: Varela Net <\/p>\n","protected":false},"excerpt":{"rendered":"<p>A Transalvador regulamentou mais de 470 vagas de estacionamento na regi\u00e3o do centro hist\u00f3rico para as pessoas que v\u00e3o visitar o evento&nbsp;Luzes de Natal, a decora\u00e7\u00e3o do Natal, Salvador 2024.&nbsp;A medida foi publicada no Di\u00e1rio Oficial do Munic\u00edpio (DOM) da \u00faltima segunda-feira (9) e vai at\u00e9 o dia 5 de janeiro.&nbsp; Foram criadas 13&nbsp;\u00e1reas de [&hellip;]<\/p>\n","protected":false},"author":2,"featured_media":12676,"comment_status":"closed","ping_status":"open","sticky":false,"template":"","format":"standard","meta":{"footnotes":""},"categories":[85],"tags":[],"class_list":["post-12675","post","type-post","status-publish","format-standard","has-post-thumbnail","hentry","category-noticias"],"_links":{"self":[{"href":"https:\/\/diabahia.com.br\/index.php\/wp-json\/wp\/v2\/posts\/12675","targetHints":{"allow":["GET"]}}],"collection":[{"href":"https:\/\/diabahia.com.br\/index.php\/wp-json\/wp\/v2\/posts"}],"about":[{"href":"https:\/\/diabahia.com.br\/index.php\/wp-json\/wp\/v2\/types\/post"}],"author":[{"embeddable":true,"href":"https:\/\/diabahia.com.br\/index.php\/wp-json\/wp\/v2\/users\/2"}],"replies":[{"embeddable":true,"href":"https:\/\/diabahia.com.br\/index.php\/wp-json\/wp\/v2\/comments?post=12675"}],"version-history":[{"count":0,"href":"https:\/\/diabahia.com.br\/index.php\/wp-json\/wp\/v2\/posts\/12675\/revisions"}],"wp:featuredmedia":[{"embeddable":true,"href":"https:\/\/diabahia.com.br\/index.php\/wp-json\/wp\/v2\/media\/12676"}],"wp:attachment":[{"href":"https:\/\/diabahia.com.br\/index.php\/wp-json\/wp\/v2\/media?parent=12675"}],"wp:term":[{"taxonomy":"category","embeddable":true,"href":"https:\/\/diabahia.com.br\/index.php\/wp-json\/wp\/v2\/categories?post=12675"},{"taxonomy":"post_tag","embeddable":true,"href":"https:\/\/diabahia.com.br\/index.php\/wp-json\/wp\/v2\/tags?post=12675"}],"curies":[{"name":"wp","href":"https:\/\/api.w.org\/{rel}","templated":true}]}}