{"id":12564,"date":"2024-12-04T13:15:23","date_gmt":"2024-12-04T16:15:23","guid":{"rendered":"https:\/\/diabahia.com.br\/?p=12564"},"modified":"2024-12-04T13:15:23","modified_gmt":"2024-12-04T16:15:23","slug":"sera-governador-da-bahia-afirma-presidente-da-al-ba-sobre-acm-neto","status":"publish","type":"post","link":"https:\/\/diabahia.com.br\/index.php\/2024\/12\/04\/sera-governador-da-bahia-afirma-presidente-da-al-ba-sobre-acm-neto\/","title":{"rendered":"&#8220;Ser\u00e1 governador da Bahia&#8221;, afirma presidente da AL-BA sobre ACM Neto"},"content":{"rendered":"\n<p>Durante um almo\u00e7o de confraterniza\u00e7\u00e3o com a imprensa, o presidente da Assembleia Legislativa da Bahia (AL-BA), Adolfo Menezes (PSD), revelou que v\u00ea ACM Neto (Uni\u00e3o Brasil) como um grande concorrente ao posto de governador da Bahia.<\/p>\n\n\n\n<p>Adolfo Menezes revelou que acha que o ex-prefeito de Salvador, ACM Neto, \u00e9 um grande l\u00edder da oposi\u00e7\u00e3o do atual governo do Estado.&nbsp;<em>&#8220;Neto \u00e9 o maior l\u00edder da oposi\u00e7\u00e3o e, posso estar errado, mas, com certeza, ser\u00e1 governador da Bahia&#8221;<\/em>, afirmou o presidente da AL-BA.<\/p>\n\n\n\n<p>ACM Neto j\u00e1 concorreu a governador da Bahia anteriormente. Nas elei\u00e7\u00f5es de 2022, o atual vice-presidente do Uni\u00e3o Brasil nacional ficou em segundo lugar na contagem de votos, com 47,22%. Durante a celebra\u00e7\u00e3o da vit\u00f3ria do seu aliado, Bruno Reis, que concorria \u00e0 prefeitura de Salvador, Neto revelou que deixaria para pensar em sua candidatura mais para frente.<\/p>\n\n\n\n<p>Fonte: Varela Net<\/p>\n","protected":false},"excerpt":{"rendered":"<p>Durante um almo\u00e7o de confraterniza\u00e7\u00e3o com a imprensa, o presidente da Assembleia Legislativa da Bahia (AL-BA), Adolfo Menezes (PSD), revelou que v\u00ea ACM Neto (Uni\u00e3o Brasil) como um grande concorrente ao posto de governador da Bahia. Adolfo Menezes revelou que acha que o ex-prefeito de Salvador, ACM Neto, \u00e9 um grande l\u00edder da oposi\u00e7\u00e3o do [&hellip;]<\/p>\n","protected":false},"author":2,"featured_media":12563,"comment_status":"closed","ping_status":"open","sticky":false,"template":"","format":"standard","meta":{"footnotes":""},"categories":[91],"tags":[],"class_list":["post-12564","post","type-post","status-publish","format-standard","has-post-thumbnail","hentry","category-politica"],"_links":{"self":[{"href":"https:\/\/diabahia.com.br\/index.php\/wp-json\/wp\/v2\/posts\/12564","targetHints":{"allow":["GET"]}}],"collection":[{"href":"https:\/\/diabahia.com.br\/index.php\/wp-json\/wp\/v2\/posts"}],"about":[{"href":"https:\/\/diabahia.com.br\/index.php\/wp-json\/wp\/v2\/types\/post"}],"author":[{"embeddable":true,"href":"https:\/\/diabahia.com.br\/index.php\/wp-json\/wp\/v2\/users\/2"}],"replies":[{"embeddable":true,"href":"https:\/\/diabahia.com.br\/index.php\/wp-json\/wp\/v2\/comments?post=12564"}],"version-history":[{"count":0,"href":"https:\/\/diabahia.com.br\/index.php\/wp-json\/wp\/v2\/posts\/12564\/revisions"}],"wp:featuredmedia":[{"embeddable":true,"href":"https:\/\/diabahia.com.br\/index.php\/wp-json\/wp\/v2\/media\/12563"}],"wp:attachment":[{"href":"https:\/\/diabahia.com.br\/index.php\/wp-json\/wp\/v2\/media?parent=12564"}],"wp:term":[{"taxonomy":"category","embeddable":true,"href":"https:\/\/diabahia.com.br\/index.php\/wp-json\/wp\/v2\/categories?post=12564"},{"taxonomy":"post_tag","embeddable":true,"href":"https:\/\/diabahia.com.br\/index.php\/wp-json\/wp\/v2\/tags?post=12564"}],"curies":[{"name":"wp","href":"https:\/\/api.w.org\/{rel}","templated":true}]}}