{"id":12438,"date":"2024-11-29T10:00:51","date_gmt":"2024-11-29T13:00:51","guid":{"rendered":"https:\/\/diabahia.com.br\/?p=12438"},"modified":"2024-11-29T10:00:52","modified_gmt":"2024-11-29T13:00:52","slug":"chefe-de-farmacia-da-maternidade-climerio-de-oliveira-continua-desaparecido","status":"publish","type":"post","link":"https:\/\/diabahia.com.br\/index.php\/2024\/11\/29\/chefe-de-farmacia-da-maternidade-climerio-de-oliveira-continua-desaparecido\/","title":{"rendered":"Chefe de farm\u00e1cia da Maternidade Clim\u00e9rio de Oliveira continua desaparecido"},"content":{"rendered":"\n<p>Adeildo Mendes de Jesus, chefe de farm\u00e1cia da Maternidade Clim\u00e9rio de Oliveira, continua desaparecido. No dia do seu desaparecimento, seu carro foi visto passando na Av. Barros Reis, um trajeto incomum para ele, segundo seus familiares.<\/p>\n\n\n\n<p>A irm\u00e3 de Adeildo, Edna, est\u00e1 preocupada sem ter not\u00edcias do irm\u00e3o. \u201cNossa ang\u00fastia, nosso sofrimento, \u00e9 grande porque ele \u00e9 um profissional e um irm\u00e3o maravilhoso.\u201d \u201cEstamos muito angustiados\u201d, afirma ela.<\/p>\n\n\n\n<p>Segundo informa\u00e7\u00f5es recebidas, Adeildo foi visto pela \u00faltima vez desorientado no bairro do IAPI, em Salvador. Familiares fizeram ronda no local, mas n\u00e3o o encontraram.<\/p>\n\n\n\n<p>Adeildo \u00e9 chefe de farm\u00e1cia da Maternidade Clim\u00e9rio de Oliveira, que fica no bairro de Nazar\u00e9, em Salvador. Segundo testemunhas, ele tinha o costume de sair do trabalho e ir diretamente para sua casa, que fica em Lauro de Freitas, Regi\u00e3o Metropolitana.&nbsp;<\/p>\n\n\n\n<p>A pol\u00edcia civil est\u00e1 investigando o caso. Se voc\u00ea identificar Adeildo, pode informar as autoridades pelo telefone 181.&nbsp;&nbsp;<\/p>\n\n\n\n<p>Fonte: Varela Net <\/p>\n","protected":false},"excerpt":{"rendered":"<p>Adeildo Mendes de Jesus, chefe de farm\u00e1cia da Maternidade Clim\u00e9rio de Oliveira, continua desaparecido. No dia do seu desaparecimento, seu carro foi visto passando na Av. Barros Reis, um trajeto incomum para ele, segundo seus familiares. A irm\u00e3 de Adeildo, Edna, est\u00e1 preocupada sem ter not\u00edcias do irm\u00e3o. \u201cNossa ang\u00fastia, nosso sofrimento, \u00e9 grande porque [&hellip;]<\/p>\n","protected":false},"author":2,"featured_media":12439,"comment_status":"closed","ping_status":"open","sticky":false,"template":"","format":"standard","meta":{"footnotes":""},"categories":[85],"tags":[],"class_list":["post-12438","post","type-post","status-publish","format-standard","has-post-thumbnail","hentry","category-noticias"],"_links":{"self":[{"href":"https:\/\/diabahia.com.br\/index.php\/wp-json\/wp\/v2\/posts\/12438","targetHints":{"allow":["GET"]}}],"collection":[{"href":"https:\/\/diabahia.com.br\/index.php\/wp-json\/wp\/v2\/posts"}],"about":[{"href":"https:\/\/diabahia.com.br\/index.php\/wp-json\/wp\/v2\/types\/post"}],"author":[{"embeddable":true,"href":"https:\/\/diabahia.com.br\/index.php\/wp-json\/wp\/v2\/users\/2"}],"replies":[{"embeddable":true,"href":"https:\/\/diabahia.com.br\/index.php\/wp-json\/wp\/v2\/comments?post=12438"}],"version-history":[{"count":0,"href":"https:\/\/diabahia.com.br\/index.php\/wp-json\/wp\/v2\/posts\/12438\/revisions"}],"wp:featuredmedia":[{"embeddable":true,"href":"https:\/\/diabahia.com.br\/index.php\/wp-json\/wp\/v2\/media\/12439"}],"wp:attachment":[{"href":"https:\/\/diabahia.com.br\/index.php\/wp-json\/wp\/v2\/media?parent=12438"}],"wp:term":[{"taxonomy":"category","embeddable":true,"href":"https:\/\/diabahia.com.br\/index.php\/wp-json\/wp\/v2\/categories?post=12438"},{"taxonomy":"post_tag","embeddable":true,"href":"https:\/\/diabahia.com.br\/index.php\/wp-json\/wp\/v2\/tags?post=12438"}],"curies":[{"name":"wp","href":"https:\/\/api.w.org\/{rel}","templated":true}]}}