{"id":12420,"date":"2024-11-28T14:29:19","date_gmt":"2024-11-28T17:29:19","guid":{"rendered":"https:\/\/diabahia.com.br\/?p=12420"},"modified":"2024-11-28T14:29:21","modified_gmt":"2024-11-28T17:29:21","slug":"vitoria-segue-preparacao-para-enfrentar-o-fortaleza-no-barradao","status":"publish","type":"post","link":"https:\/\/diabahia.com.br\/index.php\/2024\/11\/28\/vitoria-segue-preparacao-para-enfrentar-o-fortaleza-no-barradao\/","title":{"rendered":"Vit\u00f3ria segue prepara\u00e7\u00e3o para enfrentar o Fortaleza no Barrad\u00e3o"},"content":{"rendered":"\n<p>Podendo garantir a perman\u00eancia na S\u00e9rie A do Brasileir\u00e3o neste domingo, quando enfrenta o Fortaleza, o Vit\u00f3ria continuou com a prepara\u00e7\u00e3o para o duelo nesta quinta-feira, 28. A partida ser\u00e1 no domingo, 1, no Barrad\u00e3o, \u00e0s 18h30, pela 36\u00aa rodada do Brasileir\u00e3o.<\/p>\n\n\n\n<p>Inicialmente, o treinador Thiago Carpini comandou a equipe em um treino t\u00e1tico em 11 x 11. Quem ficou de fora dessa parte, fez treino em espa\u00e7o reduzido no outro campo com o assistente M\u00e1rcio Goiano.<\/p>\n\n\n\n<p>Na sequ\u00eancia, realizou um t\u00e1tico posicional, com movimenta\u00e7\u00f5es ofensivas e finaliza\u00e7\u00e3o. Carpini e o assistente Estephan Djian treinaram constru\u00e7\u00f5es de jogadas de ataque com cruzamentos e chutes a gol.<\/p>\n\n\n\n<p>No mesmo momento, em outro campo, os zagueiros Wagner Leonardo, Andrei, Neris, Bruno Uvini, Edu, e o volante L\u00e9o Naldi fizeram um treino espec\u00edfico, comandado por M\u00e1rcio Goiano, com posicionamento, cruzamentos e rebatidas.<\/p>\n\n\n\n<p>Ainda como d\u00favida para a partida, Matheuzinho seguiu aos cuidados dos fisioterapeutas em tratamento do trauma que sofreu no joelho, j\u00e1 Caio Vin\u00edcius trabalhou na academia com o professor Robert Concei\u00e7\u00e3o.<\/p>\n\n\n\n<p>Fonte: A Tarde <\/p>\n","protected":false},"excerpt":{"rendered":"<p>Podendo garantir a perman\u00eancia na S\u00e9rie A do Brasileir\u00e3o neste domingo, quando enfrenta o Fortaleza, o Vit\u00f3ria continuou com a prepara\u00e7\u00e3o para o duelo nesta quinta-feira, 28. A partida ser\u00e1 no domingo, 1, no Barrad\u00e3o, \u00e0s 18h30, pela 36\u00aa rodada do Brasileir\u00e3o. Inicialmente, o treinador Thiago Carpini comandou a equipe em um treino t\u00e1tico em [&hellip;]<\/p>\n","protected":false},"author":2,"featured_media":12421,"comment_status":"closed","ping_status":"open","sticky":false,"template":"","format":"standard","meta":{"footnotes":""},"categories":[89],"tags":[],"class_list":["post-12420","post","type-post","status-publish","format-standard","has-post-thumbnail","hentry","category-esportes"],"_links":{"self":[{"href":"https:\/\/diabahia.com.br\/index.php\/wp-json\/wp\/v2\/posts\/12420","targetHints":{"allow":["GET"]}}],"collection":[{"href":"https:\/\/diabahia.com.br\/index.php\/wp-json\/wp\/v2\/posts"}],"about":[{"href":"https:\/\/diabahia.com.br\/index.php\/wp-json\/wp\/v2\/types\/post"}],"author":[{"embeddable":true,"href":"https:\/\/diabahia.com.br\/index.php\/wp-json\/wp\/v2\/users\/2"}],"replies":[{"embeddable":true,"href":"https:\/\/diabahia.com.br\/index.php\/wp-json\/wp\/v2\/comments?post=12420"}],"version-history":[{"count":0,"href":"https:\/\/diabahia.com.br\/index.php\/wp-json\/wp\/v2\/posts\/12420\/revisions"}],"wp:featuredmedia":[{"embeddable":true,"href":"https:\/\/diabahia.com.br\/index.php\/wp-json\/wp\/v2\/media\/12421"}],"wp:attachment":[{"href":"https:\/\/diabahia.com.br\/index.php\/wp-json\/wp\/v2\/media?parent=12420"}],"wp:term":[{"taxonomy":"category","embeddable":true,"href":"https:\/\/diabahia.com.br\/index.php\/wp-json\/wp\/v2\/categories?post=12420"},{"taxonomy":"post_tag","embeddable":true,"href":"https:\/\/diabahia.com.br\/index.php\/wp-json\/wp\/v2\/tags?post=12420"}],"curies":[{"name":"wp","href":"https:\/\/api.w.org\/{rel}","templated":true}]}}