{"id":12383,"date":"2024-11-28T11:41:01","date_gmt":"2024-11-28T14:41:01","guid":{"rendered":"https:\/\/diabahia.com.br\/?p=12383"},"modified":"2024-11-28T11:41:03","modified_gmt":"2024-11-28T14:41:03","slug":"rui-diz-que-governo-esta-cumprindo-o-que-prometeu-com-corte-de-gastos","status":"publish","type":"post","link":"https:\/\/diabahia.com.br\/index.php\/2024\/11\/28\/rui-diz-que-governo-esta-cumprindo-o-que-prometeu-com-corte-de-gastos\/","title":{"rendered":"Rui diz que governo est\u00e1 cumprindo o que prometeu com corte de gastos"},"content":{"rendered":"\n<p>O ministro da Casa Civil,&nbsp;Rui Costa, disse, nesta quinta-feira, 28, que as medidas anunciadas no pacote de corte de gastos n\u00e3o s\u00e3o surpresa e cumprem o que foi prometido por&nbsp;Luiz In\u00e1cio Lula da Silva&nbsp;(PT) durante a campanha de 2022.<\/p>\n\n\n\n<p>O ministro ainda acusou o mercado por tentativa de desequil\u00edbrio futuro das contas p\u00fablicas. \u201cOntem, vi o mercado insistentemente lan\u00e7ando not\u00edcias falsas para aproveitar ganhos desses picos, de que isso seria anunciado para 2025, e tendo pico de subidas de d\u00f3lares. Colocar em 2025 seria romper a previsibilidade. Est\u00e1 sendo cumprido o que foi dito na campanha e na posse, n\u00e3o tem surpresa\u201d, disse Rui.<\/p>\n\n\n\n<p>\u201cO que se est\u00e1 fazendo hoje \u00e9 acenando para responder um mercado, que, pelo texto que publicam, estavam precificando no presente um desequil\u00edbrio futuro das contas p\u00fablicas. E aqui se est\u00e1 garantindo que esse desequil\u00edbrio de longo prazo n\u00e3o ocorrer\u00e1\u201d, destacou.<\/p>\n\n\n\n<p>O an\u00fancio oficial das a\u00e7\u00f5es da equipe econ\u00f4mica do governo Lula ocorre ap\u00f3s mais de um m\u00eas de press\u00e3o do mercado financeiro para a divulga\u00e7\u00e3o de planos concretos para a revis\u00e3o de gastos no Or\u00e7amento.<\/p>\n\n\n\n<p>Al\u00e9m de Rui, participaram da coletiva de imprensa os ministros Fernando Haddad (Fazenda) e Simone Tebet (Planejamento).O objetivo \u00e9 diminuir o ritmo de crescimento das despesas obrigat\u00f3rias, de modo que elas caibam dentro do novo arcabou\u00e7o fiscal.<\/p>\n\n\n\n<p>Fonte: A Tarde <\/p>\n","protected":false},"excerpt":{"rendered":"<p>O ministro da Casa Civil,&nbsp;Rui Costa, disse, nesta quinta-feira, 28, que as medidas anunciadas no pacote de corte de gastos n\u00e3o s\u00e3o surpresa e cumprem o que foi prometido por&nbsp;Luiz In\u00e1cio Lula da Silva&nbsp;(PT) durante a campanha de 2022. O ministro ainda acusou o mercado por tentativa de desequil\u00edbrio futuro das contas p\u00fablicas. \u201cOntem, vi [&hellip;]<\/p>\n","protected":false},"author":2,"featured_media":12384,"comment_status":"closed","ping_status":"open","sticky":false,"template":"","format":"standard","meta":{"footnotes":""},"categories":[91],"tags":[],"class_list":["post-12383","post","type-post","status-publish","format-standard","has-post-thumbnail","hentry","category-politica"],"_links":{"self":[{"href":"https:\/\/diabahia.com.br\/index.php\/wp-json\/wp\/v2\/posts\/12383","targetHints":{"allow":["GET"]}}],"collection":[{"href":"https:\/\/diabahia.com.br\/index.php\/wp-json\/wp\/v2\/posts"}],"about":[{"href":"https:\/\/diabahia.com.br\/index.php\/wp-json\/wp\/v2\/types\/post"}],"author":[{"embeddable":true,"href":"https:\/\/diabahia.com.br\/index.php\/wp-json\/wp\/v2\/users\/2"}],"replies":[{"embeddable":true,"href":"https:\/\/diabahia.com.br\/index.php\/wp-json\/wp\/v2\/comments?post=12383"}],"version-history":[{"count":0,"href":"https:\/\/diabahia.com.br\/index.php\/wp-json\/wp\/v2\/posts\/12383\/revisions"}],"wp:featuredmedia":[{"embeddable":true,"href":"https:\/\/diabahia.com.br\/index.php\/wp-json\/wp\/v2\/media\/12384"}],"wp:attachment":[{"href":"https:\/\/diabahia.com.br\/index.php\/wp-json\/wp\/v2\/media?parent=12383"}],"wp:term":[{"taxonomy":"category","embeddable":true,"href":"https:\/\/diabahia.com.br\/index.php\/wp-json\/wp\/v2\/categories?post=12383"},{"taxonomy":"post_tag","embeddable":true,"href":"https:\/\/diabahia.com.br\/index.php\/wp-json\/wp\/v2\/tags?post=12383"}],"curies":[{"name":"wp","href":"https:\/\/api.w.org\/{rel}","templated":true}]}}