{"id":12261,"date":"2024-11-22T11:00:04","date_gmt":"2024-11-22T14:00:04","guid":{"rendered":"https:\/\/diabahia.com.br\/?p=12261"},"modified":"2024-11-22T11:00:06","modified_gmt":"2024-11-22T14:00:06","slug":"apos-confusao-com-luiz-henrique-hulk-posta-foto-com-camisa-da-selecao-brasileira","status":"publish","type":"post","link":"https:\/\/diabahia.com.br\/index.php\/2024\/11\/22\/apos-confusao-com-luiz-henrique-hulk-posta-foto-com-camisa-da-selecao-brasileira\/","title":{"rendered":"Ap\u00f3s confus\u00e3o com Luiz Henrique, Hulk posta foto com camisa da sele\u00e7\u00e3o brasileira"},"content":{"rendered":"\n<p>Nesta quinta-feira (21), o jogador do Atl\u00e9tico-MG Hulk publicou nas redes sociais uma foto com a camisa da sele\u00e7\u00e3o brasileira juntamente com a ta\u00e7a da Copa das Confedera\u00e7\u00f5es de 2013. Ele postou ap\u00f3s confus\u00e3o com o jogador do Botafogo, Luiz Henrique, que \u00e9 atualmente da sele\u00e7\u00e3o brasileira.<\/p>\n\n\n\n<p>Em foto postada, o jogador do Galo escreveu 30\/06\/2013, que foi quando o Brasil se consagrou campe\u00e3o da Copa.<\/p>\n\n\n\n<p>\u201cLuiz Henrique falou: \u201cvoc\u00eas s\u00e3o uma merda\u201d. Ele tem cinco jogos na Sele\u00e7\u00e3o, acha que \u00e9 craque, n\u00e3o ganhou p&#8230; nenhuma. Ele falou no intervalo do jogo. Ele tem cinco chutes na Sele\u00e7\u00e3o, eu tenho sete anos na sele\u00e7\u00e3o, ele tem que correr muito&#8221; disse o jogador para o t\u00e9cnico do botafogo, logo ap\u00f3s o jogo acabar.<\/p>\n\n\n\n<p>&#8220;O Matheus Mendes jurou pela fam\u00edlia no intervalo de jogo, o Luiz Henrique virou e falou: &#8220;O time de voc\u00eas \u00e9 muito fraco, uma merda&#8221;. Ele tem tudo para ser um craque, mas n\u00e3o \u00e9 ainda. Est\u00e1 fazendo um grande ano. Que sirva como aprendizado, que ele precisa ralar muito&#8221; completou o jogador.<\/p>\n\n\n\n<p>Fonte: Varela Net <\/p>\n","protected":false},"excerpt":{"rendered":"<p>Nesta quinta-feira (21), o jogador do Atl\u00e9tico-MG Hulk publicou nas redes sociais uma foto com a camisa da sele\u00e7\u00e3o brasileira juntamente com a ta\u00e7a da Copa das Confedera\u00e7\u00f5es de 2013. Ele postou ap\u00f3s confus\u00e3o com o jogador do Botafogo, Luiz Henrique, que \u00e9 atualmente da sele\u00e7\u00e3o brasileira. Em foto postada, o jogador do Galo escreveu [&hellip;]<\/p>\n","protected":false},"author":2,"featured_media":12262,"comment_status":"closed","ping_status":"open","sticky":false,"template":"","format":"standard","meta":{"footnotes":""},"categories":[89],"tags":[],"class_list":["post-12261","post","type-post","status-publish","format-standard","has-post-thumbnail","hentry","category-esportes"],"_links":{"self":[{"href":"https:\/\/diabahia.com.br\/index.php\/wp-json\/wp\/v2\/posts\/12261","targetHints":{"allow":["GET"]}}],"collection":[{"href":"https:\/\/diabahia.com.br\/index.php\/wp-json\/wp\/v2\/posts"}],"about":[{"href":"https:\/\/diabahia.com.br\/index.php\/wp-json\/wp\/v2\/types\/post"}],"author":[{"embeddable":true,"href":"https:\/\/diabahia.com.br\/index.php\/wp-json\/wp\/v2\/users\/2"}],"replies":[{"embeddable":true,"href":"https:\/\/diabahia.com.br\/index.php\/wp-json\/wp\/v2\/comments?post=12261"}],"version-history":[{"count":0,"href":"https:\/\/diabahia.com.br\/index.php\/wp-json\/wp\/v2\/posts\/12261\/revisions"}],"wp:featuredmedia":[{"embeddable":true,"href":"https:\/\/diabahia.com.br\/index.php\/wp-json\/wp\/v2\/media\/12262"}],"wp:attachment":[{"href":"https:\/\/diabahia.com.br\/index.php\/wp-json\/wp\/v2\/media?parent=12261"}],"wp:term":[{"taxonomy":"category","embeddable":true,"href":"https:\/\/diabahia.com.br\/index.php\/wp-json\/wp\/v2\/categories?post=12261"},{"taxonomy":"post_tag","embeddable":true,"href":"https:\/\/diabahia.com.br\/index.php\/wp-json\/wp\/v2\/tags?post=12261"}],"curies":[{"name":"wp","href":"https:\/\/api.w.org\/{rel}","templated":true}]}}