{"id":12258,"date":"2024-11-22T10:52:00","date_gmt":"2024-11-22T13:52:00","guid":{"rendered":"https:\/\/diabahia.com.br\/?p=12258"},"modified":"2024-11-22T10:52:03","modified_gmt":"2024-11-22T13:52:03","slug":"via-regional-sofrera-mudancas-por-conta-de-obra-neste-final-de-semana","status":"publish","type":"post","link":"https:\/\/diabahia.com.br\/index.php\/2024\/11\/22\/via-regional-sofrera-mudancas-por-conta-de-obra-neste-final-de-semana\/","title":{"rendered":"Via Regional sofrer\u00e1 mudan\u00e7as por conta de obra neste final de semana"},"content":{"rendered":"\n<p>O tr\u00e2nsito na Via Regional sofrer\u00e1 mudan\u00e7as neste final de semana, fazendo com que motoristas que passam pela regi\u00e3o precisem se atenar nas modifi\u00e7\u00f5es feitas por conta de uma obra feita na adutora de \u00e1gua que \u00e9 respons\u00e1vel por abastecer Salvador e Regi\u00e3o Metropolitana da capital baiana. O percurso j\u00e1 come\u00e7ar\u00e1 a sofrer altera\u00e7\u00f5es na noite desta sexta-feira (22) e devem terminar pela tarde de domingo (24).<\/p>\n\n\n\n<p>Com a mudan\u00e7a, o acesso para a Estrada do Derba, atrav\u00e9s do viaduto de \u00c1guas Claras, sentido Salvador-Feira de Santana estar\u00e1 bloqueado. Para seguir neste sentido, os motoristas dever\u00e3o ir pela marginal da pista para pegar o retorno no viaduto de Val\u00e9ria e a\u00ed sim, acessar o viaduto de \u00c1guas Claras, em um trajeto de aproximadamente 5,5km. A sinaliza\u00e7\u00e3o para indicar aos motoristas desatentos j\u00e1 est\u00e1 sendo colocada na regi\u00e3o para evitar maiores transtornos. Al\u00e9m das placar tradicionais, a Via Bahia, empresa respons\u00e1vel pela rodovia est\u00e1 implementando um painel de mensagem vari\u00e1vel.<\/p>\n\n\n\n<p>Segundo a Empresa Baiana de \u00c1guas e Saneamento (Embasa), a interdi\u00e7\u00e3o de parte do tr\u00e2nsito na regi\u00e3o ser\u00e1 fundamental para que o assentamento de aproximadamente 20 metros de tubula\u00e7\u00f5es de grande di\u00e2metro seja feito. O servi\u00e7o faz parte da obra do aumento de capacidade da adutora de \u00e1gua tratada do sistema de abastecimento de \u00e1gua de Salvador e Regi\u00e3o Metropolitana de Salvador. O investimento para a obra feita na regi\u00e3o gira em torno dos R$ 106 milh\u00f5es<\/p>\n\n\n\n<p>Fonte: Varela Net <\/p>\n","protected":false},"excerpt":{"rendered":"<p>O tr\u00e2nsito na Via Regional sofrer\u00e1 mudan\u00e7as neste final de semana, fazendo com que motoristas que passam pela regi\u00e3o precisem se atenar nas modifi\u00e7\u00f5es feitas por conta de uma obra feita na adutora de \u00e1gua que \u00e9 respons\u00e1vel por abastecer Salvador e Regi\u00e3o Metropolitana da capital baiana. O percurso j\u00e1 come\u00e7ar\u00e1 a sofrer altera\u00e7\u00f5es na [&hellip;]<\/p>\n","protected":false},"author":2,"featured_media":12259,"comment_status":"closed","ping_status":"open","sticky":false,"template":"","format":"standard","meta":{"footnotes":""},"categories":[85],"tags":[],"class_list":["post-12258","post","type-post","status-publish","format-standard","has-post-thumbnail","hentry","category-noticias"],"_links":{"self":[{"href":"https:\/\/diabahia.com.br\/index.php\/wp-json\/wp\/v2\/posts\/12258","targetHints":{"allow":["GET"]}}],"collection":[{"href":"https:\/\/diabahia.com.br\/index.php\/wp-json\/wp\/v2\/posts"}],"about":[{"href":"https:\/\/diabahia.com.br\/index.php\/wp-json\/wp\/v2\/types\/post"}],"author":[{"embeddable":true,"href":"https:\/\/diabahia.com.br\/index.php\/wp-json\/wp\/v2\/users\/2"}],"replies":[{"embeddable":true,"href":"https:\/\/diabahia.com.br\/index.php\/wp-json\/wp\/v2\/comments?post=12258"}],"version-history":[{"count":0,"href":"https:\/\/diabahia.com.br\/index.php\/wp-json\/wp\/v2\/posts\/12258\/revisions"}],"wp:featuredmedia":[{"embeddable":true,"href":"https:\/\/diabahia.com.br\/index.php\/wp-json\/wp\/v2\/media\/12259"}],"wp:attachment":[{"href":"https:\/\/diabahia.com.br\/index.php\/wp-json\/wp\/v2\/media?parent=12258"}],"wp:term":[{"taxonomy":"category","embeddable":true,"href":"https:\/\/diabahia.com.br\/index.php\/wp-json\/wp\/v2\/categories?post=12258"},{"taxonomy":"post_tag","embeddable":true,"href":"https:\/\/diabahia.com.br\/index.php\/wp-json\/wp\/v2\/tags?post=12258"}],"curies":[{"name":"wp","href":"https:\/\/api.w.org\/{rel}","templated":true}]}}