{"id":12229,"date":"2024-11-21T10:56:47","date_gmt":"2024-11-21T13:56:47","guid":{"rendered":"https:\/\/diabahia.com.br\/?p=12229"},"modified":"2024-11-21T10:56:49","modified_gmt":"2024-11-21T13:56:49","slug":"coordenacao-de-taxis-nos-barris-e-arrombada-e-furtada-pela-segunda-vez-em-menos-de-uma-semana","status":"publish","type":"post","link":"https:\/\/diabahia.com.br\/index.php\/2024\/11\/21\/coordenacao-de-taxis-nos-barris-e-arrombada-e-furtada-pela-segunda-vez-em-menos-de-uma-semana\/","title":{"rendered":"Coordena\u00e7\u00e3o de t\u00e1xis nos Barris \u00e9 arrombada e furtada pela segunda vez em menos de uma semana"},"content":{"rendered":"\n<p>A coordena\u00e7\u00e3o de t\u00e1xis e Transportes, localizada no bairro dos Barris, foi arrombada e furtada pela segunda vez em menos de uma semana na noite da \u00faltima quarta-feira (20). Agentes da Guarda Municipal perceberam a movimenta\u00e7\u00e3o suspeita no local.&nbsp;<\/p>\n\n\n\n<p>Os suspeitos estariam levando materiais de alum\u00ednio, como diz o comandante da equipe da guarda, Cid Pimenta, que percebeu o crime. \u201cEst\u00e1vamos em ronda, por volta das 23 horas, quando vimos um movimento suspeito de tr\u00eas elementos. A gente fez abordagem e dois correram, mas conseguimos pegar um e apresentamos na delegacia. Ele estava com, mais ou menos, 10 kg de alum\u00ednio retirado da cobertura da Companhia\u201d, afirmou o comandante.&nbsp;<\/p>\n\n\n\n<p>No domingo, por volta das 3h, suspeitos invadiram o local e levaram cabos e monitores de computador. Na ocorr\u00eancia a Guarda Civil foi acionada e um boletim de ocorr\u00eancia foi&nbsp;registrado. O crime fez com que o atendimento no local fosse suspenso, segundo a Secretaria de Mobilidade de Salvador.&nbsp;O local n\u00e3o est\u00e1 abandonado e segue com atendimentos presenciais, no entanto, \u00e9 alvo constante de criminosos na regi\u00e3o.&nbsp;<\/p>\n\n\n\n<p>Fonte: Varela Net <\/p>\n","protected":false},"excerpt":{"rendered":"<p>A coordena\u00e7\u00e3o de t\u00e1xis e Transportes, localizada no bairro dos Barris, foi arrombada e furtada pela segunda vez em menos de uma semana na noite da \u00faltima quarta-feira (20). Agentes da Guarda Municipal perceberam a movimenta\u00e7\u00e3o suspeita no local.&nbsp; Os suspeitos estariam levando materiais de alum\u00ednio, como diz o comandante da equipe da guarda, Cid [&hellip;]<\/p>\n","protected":false},"author":2,"featured_media":12230,"comment_status":"closed","ping_status":"open","sticky":false,"template":"","format":"standard","meta":{"footnotes":""},"categories":[85],"tags":[],"class_list":["post-12229","post","type-post","status-publish","format-standard","has-post-thumbnail","hentry","category-noticias"],"_links":{"self":[{"href":"https:\/\/diabahia.com.br\/index.php\/wp-json\/wp\/v2\/posts\/12229","targetHints":{"allow":["GET"]}}],"collection":[{"href":"https:\/\/diabahia.com.br\/index.php\/wp-json\/wp\/v2\/posts"}],"about":[{"href":"https:\/\/diabahia.com.br\/index.php\/wp-json\/wp\/v2\/types\/post"}],"author":[{"embeddable":true,"href":"https:\/\/diabahia.com.br\/index.php\/wp-json\/wp\/v2\/users\/2"}],"replies":[{"embeddable":true,"href":"https:\/\/diabahia.com.br\/index.php\/wp-json\/wp\/v2\/comments?post=12229"}],"version-history":[{"count":0,"href":"https:\/\/diabahia.com.br\/index.php\/wp-json\/wp\/v2\/posts\/12229\/revisions"}],"wp:featuredmedia":[{"embeddable":true,"href":"https:\/\/diabahia.com.br\/index.php\/wp-json\/wp\/v2\/media\/12230"}],"wp:attachment":[{"href":"https:\/\/diabahia.com.br\/index.php\/wp-json\/wp\/v2\/media?parent=12229"}],"wp:term":[{"taxonomy":"category","embeddable":true,"href":"https:\/\/diabahia.com.br\/index.php\/wp-json\/wp\/v2\/categories?post=12229"},{"taxonomy":"post_tag","embeddable":true,"href":"https:\/\/diabahia.com.br\/index.php\/wp-json\/wp\/v2\/tags?post=12229"}],"curies":[{"name":"wp","href":"https:\/\/api.w.org\/{rel}","templated":true}]}}