{"id":12197,"date":"2024-11-14T15:08:11","date_gmt":"2024-11-14T18:08:11","guid":{"rendered":"https:\/\/diabahia.com.br\/?p=12197"},"modified":"2024-11-14T15:08:11","modified_gmt":"2024-11-14T18:08:11","slug":"copa-do-nordeste-deve-sofrer-mudanca-no-formato-por-conta-de-calendario","status":"publish","type":"post","link":"https:\/\/diabahia.com.br\/index.php\/2024\/11\/14\/copa-do-nordeste-deve-sofrer-mudanca-no-formato-por-conta-de-calendario\/","title":{"rendered":"Copa do Nordeste deve sofrer mudan\u00e7a no formato por conta de calend\u00e1rio"},"content":{"rendered":"\n<p>A CBF divulgou, na ter\u00e7a-feira (12), o calend\u00e1rio do futebol para 2025, reservando apenas tr\u00eas datas para a Copa do Nordeste, sendo elas:&nbsp;22 de janeiro, 5 e 12 de fevereiro. A mudan\u00e7a deve acontecer por conta das v\u00e1rias reclama\u00e7\u00f5es de clubes, jogadores e torcida de que o calend\u00e1rio atual causa uma&nbsp;sobrecarga para todos os times que disputam o torneio, com compromissos de clubes em outras competi\u00e7\u00f5es e falta de espa\u00e7o para as etapas tradicionais do torneio. Al\u00e9m disso, o campeonato n\u00e3o foi inclu\u00eddo nas disputas anunciadas pela entidade.<\/p>\n\n\n\n<p>Segundo informa\u00e7\u00f5es do site GE, algumas autoridades do futebol nordestino est\u00e3o considerando ajustes no formato da competi\u00e7\u00e3o, como a redu\u00e7\u00e3o de fases ou mudan\u00e7as no n\u00famero de jogos, para adaptar o torneio \u00e0s novas restri\u00e7\u00f5es sem prejudicar a participa\u00e7\u00e3o das equipes. A CBF ainda n\u00e3o detalhou quais altera\u00e7\u00f5es poder\u00e3o ser feitas.<\/p>\n\n\n\n<p>Vale destacar que, em 2014, a CBF foi obrigada, por decis\u00e3o judicial, a incluir a Copa do Nordeste em seu calend\u00e1rio ap\u00f3s a Liga do Nordeste vencer uma batalha judicial. A determina\u00e7\u00e3o que exigia a promo\u00e7\u00e3o do torneio pela CBF venceu em 2024, o que obrigou a entidade a apertar ainda mais o calend\u00e1rio, fazendo com que clubes escalassem times alternativos ou sub-20 para evitar desgaste excessivo.<\/p>\n\n\n\n<p>Fonte: Varela Net <\/p>\n","protected":false},"excerpt":{"rendered":"<p>A CBF divulgou, na ter\u00e7a-feira (12), o calend\u00e1rio do futebol para 2025, reservando apenas tr\u00eas datas para a Copa do Nordeste, sendo elas:&nbsp;22 de janeiro, 5 e 12 de fevereiro. A mudan\u00e7a deve acontecer por conta das v\u00e1rias reclama\u00e7\u00f5es de clubes, jogadores e torcida de que o calend\u00e1rio atual causa uma&nbsp;sobrecarga para todos os times [&hellip;]<\/p>\n","protected":false},"author":2,"featured_media":12196,"comment_status":"closed","ping_status":"open","sticky":false,"template":"","format":"standard","meta":{"footnotes":""},"categories":[89],"tags":[],"class_list":["post-12197","post","type-post","status-publish","format-standard","has-post-thumbnail","hentry","category-esportes"],"_links":{"self":[{"href":"https:\/\/diabahia.com.br\/index.php\/wp-json\/wp\/v2\/posts\/12197","targetHints":{"allow":["GET"]}}],"collection":[{"href":"https:\/\/diabahia.com.br\/index.php\/wp-json\/wp\/v2\/posts"}],"about":[{"href":"https:\/\/diabahia.com.br\/index.php\/wp-json\/wp\/v2\/types\/post"}],"author":[{"embeddable":true,"href":"https:\/\/diabahia.com.br\/index.php\/wp-json\/wp\/v2\/users\/2"}],"replies":[{"embeddable":true,"href":"https:\/\/diabahia.com.br\/index.php\/wp-json\/wp\/v2\/comments?post=12197"}],"version-history":[{"count":0,"href":"https:\/\/diabahia.com.br\/index.php\/wp-json\/wp\/v2\/posts\/12197\/revisions"}],"wp:featuredmedia":[{"embeddable":true,"href":"https:\/\/diabahia.com.br\/index.php\/wp-json\/wp\/v2\/media\/12196"}],"wp:attachment":[{"href":"https:\/\/diabahia.com.br\/index.php\/wp-json\/wp\/v2\/media?parent=12197"}],"wp:term":[{"taxonomy":"category","embeddable":true,"href":"https:\/\/diabahia.com.br\/index.php\/wp-json\/wp\/v2\/categories?post=12197"},{"taxonomy":"post_tag","embeddable":true,"href":"https:\/\/diabahia.com.br\/index.php\/wp-json\/wp\/v2\/tags?post=12197"}],"curies":[{"name":"wp","href":"https:\/\/api.w.org\/{rel}","templated":true}]}}