{"id":12116,"date":"2024-11-04T14:31:56","date_gmt":"2024-11-04T17:31:56","guid":{"rendered":"https:\/\/diabahia.com.br\/?p=12116"},"modified":"2024-11-04T14:31:58","modified_gmt":"2024-11-04T17:31:58","slug":"ex-flamengo-e-barcelona-arturo-vidal-e-acusado-de-agressao-sexual","status":"publish","type":"post","link":"https:\/\/diabahia.com.br\/index.php\/2024\/11\/04\/ex-flamengo-e-barcelona-arturo-vidal-e-acusado-de-agressao-sexual\/","title":{"rendered":"Ex-Flamengo e Barcelona, Arturo Vidal \u00e9 acusado de agress\u00e3o sexual"},"content":{"rendered":"\n<p>O chileno Arturo Vidal est\u00e1 sendo acusado de agress\u00e3o sexual por uma mulher que esteve em uma festa organizada por jogadores do Colo Colo, clube do atleta. Em uma breve mensagem aos jornalistas, o Minist\u00e9rio P\u00fablico confirmou que &#8220;existe uma queixa de agress\u00e3o sexual no bar (&#8230;) mas ningu\u00e9m foi detido&#8221;.<\/p>\n\n\n\n<p>A den\u00fancia \u00e9 \u201ccontra jogadores do Colo Colo\u201d, incluindo Vidal, acrescentou o MP em comunicado, que n\u00e3o informou os nomes de outros atletas investigados. De acordo com a imprensa local, uma suposta agress\u00e3o sexual ocorreu na madrugada de segunda-feira em um barco em Santiago, onde um grupo de jogadores do Colo Colo comemorou um anivers\u00e1rio.<\/p>\n\n\n\n<p>O coronel da pol\u00edcia, Gerardo Aravena, confirmou \u00e0 imprensa que Vidal foi um dos \u00fanicos envolvidos levado a uma delegacia nas primeiras horas da manh\u00e3 para uma verifica\u00e7\u00e3o de identidade, mas n\u00e3o foi preso.<\/p>\n\n\n\n<p>A suposta agress\u00e3o foi relatada por uma das mulheres convidadas para a comemora\u00e7\u00e3o e ocorreu horas depois da vit\u00f3ria do Colo Colo por 3 a 0 sobre o Deportes Iquique, na pen\u00faltima rodada do Campeonato Chileno, o qual liderou com 66 pontos.<\/p>\n\n\n\n<p>O esporte chileno foi abalado h\u00e1 uma semana pela acusa\u00e7\u00e3o de estupro contra o ex-jogador Jorge Valdivia, que continua detido depois de ter sido acusado por uma mulher de t\u00ea-la abusada depois de beber em um restaurante peruano.<\/p>\n\n\n\n<p>Fonte: A Tarde <\/p>\n","protected":false},"excerpt":{"rendered":"<p>O chileno Arturo Vidal est\u00e1 sendo acusado de agress\u00e3o sexual por uma mulher que esteve em uma festa organizada por jogadores do Colo Colo, clube do atleta. Em uma breve mensagem aos jornalistas, o Minist\u00e9rio P\u00fablico confirmou que &#8220;existe uma queixa de agress\u00e3o sexual no bar (&#8230;) mas ningu\u00e9m foi detido&#8221;. A den\u00fancia \u00e9 \u201ccontra [&hellip;]<\/p>\n","protected":false},"author":2,"featured_media":12117,"comment_status":"open","ping_status":"open","sticky":false,"template":"","format":"standard","meta":{"footnotes":""},"categories":[89],"tags":[],"class_list":["post-12116","post","type-post","status-publish","format-standard","has-post-thumbnail","hentry","category-esportes"],"_links":{"self":[{"href":"https:\/\/diabahia.com.br\/index.php\/wp-json\/wp\/v2\/posts\/12116","targetHints":{"allow":["GET"]}}],"collection":[{"href":"https:\/\/diabahia.com.br\/index.php\/wp-json\/wp\/v2\/posts"}],"about":[{"href":"https:\/\/diabahia.com.br\/index.php\/wp-json\/wp\/v2\/types\/post"}],"author":[{"embeddable":true,"href":"https:\/\/diabahia.com.br\/index.php\/wp-json\/wp\/v2\/users\/2"}],"replies":[{"embeddable":true,"href":"https:\/\/diabahia.com.br\/index.php\/wp-json\/wp\/v2\/comments?post=12116"}],"version-history":[{"count":0,"href":"https:\/\/diabahia.com.br\/index.php\/wp-json\/wp\/v2\/posts\/12116\/revisions"}],"wp:featuredmedia":[{"embeddable":true,"href":"https:\/\/diabahia.com.br\/index.php\/wp-json\/wp\/v2\/media\/12117"}],"wp:attachment":[{"href":"https:\/\/diabahia.com.br\/index.php\/wp-json\/wp\/v2\/media?parent=12116"}],"wp:term":[{"taxonomy":"category","embeddable":true,"href":"https:\/\/diabahia.com.br\/index.php\/wp-json\/wp\/v2\/categories?post=12116"},{"taxonomy":"post_tag","embeddable":true,"href":"https:\/\/diabahia.com.br\/index.php\/wp-json\/wp\/v2\/tags?post=12116"}],"curies":[{"name":"wp","href":"https:\/\/api.w.org\/{rel}","templated":true}]}}