{"id":12113,"date":"2024-11-04T14:30:15","date_gmt":"2024-11-04T17:30:15","guid":{"rendered":"https:\/\/diabahia.com.br\/?p=12113"},"modified":"2024-11-04T14:30:17","modified_gmt":"2024-11-04T17:30:17","slug":"suposto-comunicado-do-bdm-anuncia-uniao-com-faccao-carioca-tcp","status":"publish","type":"post","link":"https:\/\/diabahia.com.br\/index.php\/2024\/11\/04\/suposto-comunicado-do-bdm-anuncia-uniao-com-faccao-carioca-tcp\/","title":{"rendered":"Suposto comunicado do BDM anuncia uni\u00e3o com fac\u00e7\u00e3o carioca TCP"},"content":{"rendered":"\n<p>Um comunicado que circula nas redes sociais, supostamente associado a membros da fac\u00e7\u00e3o criminosa&nbsp;Bonde do Maluco (BDM), que atua no estado da Bahia, revela uma mudan\u00e7a significativa na estrutura e na nomenclatura da organiza\u00e7\u00e3o. Segundo o texto, a fac\u00e7\u00e3o n\u00e3o ser\u00e1 mais chamada de&nbsp;BDM (Bonde do Maluco)&nbsp;e agora adotar\u00e1 o nome dos seus irm\u00e3os cariocas:&nbsp;TCP (Terceiro Comando Puro).<\/p>\n\n\n\n<p>O comunicado, assinado pela &#8220;fam\u00edlia&nbsp;BDM&#8221;, destaca que essa mudan\u00e7a \u00e9 uma resposta \u00e0 &#8220;estrat\u00e9gia de sufocamento&#8221; imposta por for\u00e7as advers\u00e1rias, mencionando especificamente a fac\u00e7\u00e3o&nbsp;CV (Comando Vermelho). A nota afirma que, desde sua funda\u00e7\u00e3o em Catu, em 2008, e sua expans\u00e3o em&nbsp;Salvador&nbsp;em 2014, o Bonde do Maluco busca fortalecer sua presen\u00e7a e conex\u00f5es no cen\u00e1rio criminoso. <\/p>\n\n\n\n<p>A nova denomina\u00e7\u00e3o de TCP, segundo o comunicado, visa refor\u00e7ar a uni\u00e3o entre diferentes complexos que comp\u00f5em a organiza\u00e7\u00e3o, incluindo o Complexo de Israel, Complexo da Serrinha, Complexo da Mar\u00e9, Vila Alian\u00e7a e Complexo da Pedreira. &#8220;Juntos somos mais fortes&#8221;, afirmam os membros da fac\u00e7\u00e3o, ressaltando a import\u00e2ncia de manter suas tradi\u00e7\u00f5es e bandeiras, que simbolizam a diversidade das torres dentro da organiza\u00e7\u00e3o.<\/p>\n\n\n\n<p>A nota tamb\u00e9m menciona que, a partir de agora, Salvador, sua Regi\u00e3o Metropolitana, o interior da Bahia e outros estados com liga\u00e7\u00e3o \u00e0 fac\u00e7\u00e3o BDM ser\u00e3o considerados parte do Terceiro Comando Puro. Essa reestrutura\u00e7\u00e3o pode indicar uma tentativa de fortalecimento da fac\u00e7\u00e3o frente a concorrentes e \u00e0s a\u00e7\u00f5es de repress\u00e3o das autoridades. <\/p>\n\n\n\n<p>Fonte: A Tarde <\/p>\n","protected":false},"excerpt":{"rendered":"<p>Um comunicado que circula nas redes sociais, supostamente associado a membros da fac\u00e7\u00e3o criminosa&nbsp;Bonde do Maluco (BDM), que atua no estado da Bahia, revela uma mudan\u00e7a significativa na estrutura e na nomenclatura da organiza\u00e7\u00e3o. Segundo o texto, a fac\u00e7\u00e3o n\u00e3o ser\u00e1 mais chamada de&nbsp;BDM (Bonde do Maluco)&nbsp;e agora adotar\u00e1 o nome dos seus irm\u00e3os cariocas:&nbsp;TCP [&hellip;]<\/p>\n","protected":false},"author":2,"featured_media":12114,"comment_status":"open","ping_status":"open","sticky":false,"template":"","format":"standard","meta":{"footnotes":""},"categories":[85],"tags":[],"class_list":["post-12113","post","type-post","status-publish","format-standard","has-post-thumbnail","hentry","category-noticias"],"_links":{"self":[{"href":"https:\/\/diabahia.com.br\/index.php\/wp-json\/wp\/v2\/posts\/12113","targetHints":{"allow":["GET"]}}],"collection":[{"href":"https:\/\/diabahia.com.br\/index.php\/wp-json\/wp\/v2\/posts"}],"about":[{"href":"https:\/\/diabahia.com.br\/index.php\/wp-json\/wp\/v2\/types\/post"}],"author":[{"embeddable":true,"href":"https:\/\/diabahia.com.br\/index.php\/wp-json\/wp\/v2\/users\/2"}],"replies":[{"embeddable":true,"href":"https:\/\/diabahia.com.br\/index.php\/wp-json\/wp\/v2\/comments?post=12113"}],"version-history":[{"count":0,"href":"https:\/\/diabahia.com.br\/index.php\/wp-json\/wp\/v2\/posts\/12113\/revisions"}],"wp:featuredmedia":[{"embeddable":true,"href":"https:\/\/diabahia.com.br\/index.php\/wp-json\/wp\/v2\/media\/12114"}],"wp:attachment":[{"href":"https:\/\/diabahia.com.br\/index.php\/wp-json\/wp\/v2\/media?parent=12113"}],"wp:term":[{"taxonomy":"category","embeddable":true,"href":"https:\/\/diabahia.com.br\/index.php\/wp-json\/wp\/v2\/categories?post=12113"},{"taxonomy":"post_tag","embeddable":true,"href":"https:\/\/diabahia.com.br\/index.php\/wp-json\/wp\/v2\/tags?post=12113"}],"curies":[{"name":"wp","href":"https:\/\/api.w.org\/{rel}","templated":true}]}}