{"id":12082,"date":"2024-11-01T10:57:38","date_gmt":"2024-11-01T13:57:38","guid":{"rendered":"https:\/\/diabahia.com.br\/?p=12082"},"modified":"2024-11-01T10:57:40","modified_gmt":"2024-11-01T13:57:40","slug":"ministerio-publico-avalia-volta-da-torcida-mista-no-ba-vi-em-2025","status":"publish","type":"post","link":"https:\/\/diabahia.com.br\/index.php\/2024\/11\/01\/ministerio-publico-avalia-volta-da-torcida-mista-no-ba-vi-em-2025\/","title":{"rendered":"Minist\u00e9rio P\u00fablico avalia volta da torcida mista no Ba-Vi em 2025"},"content":{"rendered":"\n<p>O Minist\u00e9rio P\u00fablico da Bahia (MP-BA) est\u00e1 avaliando a possibilidade do retorno das torcidas de Bahia e Vit\u00f3ria aos est\u00e1dios no cl\u00e1ssico Ba-Vi em 2025. A Promotora de Justi\u00e7a, Thelma Leal, declarou que &#8220;<em>h\u00e1 grandes chances&#8221;<\/em>&nbsp;do cl\u00e1ssico voltar a ter torcedores tricolores e rubro-negros na pr\u00f3xima temporada.&nbsp;<\/p>\n\n\n\n<p>Em entrevista ao Globo Esporte, a promotora afirmou que procedimentos est\u00e3o sendo estudados para que os cl\u00e1ssicos com as duas torcidas sejam retomados.&nbsp;<em>\u201cN\u00f3s estamos em tramita\u00e7\u00e3o com dois procedimentos muito importantes que n\u00f3s denominamos GT da Fonte nova e GT do Barrad\u00e3o. Nesses procedimentos, n\u00f3s estamos buscando a defini\u00e7\u00e3o da classifica\u00e7\u00e3o de riscos dos jogos que a partir da\u00ed ser\u00e1 definida toda estrat\u00e9gia de seguran\u00e7a. Com isso, se n\u00f3s conseguimos avan\u00e7ar com esses dois procedimentos, n\u00f3s temos grandes esperan\u00e7as de ter torcida mista ou torcida visitante, como \u00e9 mais normal se falar para o ano de 2025. Nossa esperan\u00e7a \u00e9 que a gente consiga firmar esse termo de ajustamento de conduta com todos os envolvidos. Isso ocorrendo, temos grandes chances de termos torcida visitante nos cl\u00e1ssicos no ano de 2025\u201d,<\/em>&nbsp;afirmou.<\/p>\n\n\n\n<p>Desde 2017, os Ba-Vis t\u00eam sido disputados com apenas a torcida do time mandante, ap\u00f3s uma s\u00e9rie de incidentes violentos. Neste ano, o MP-BA j\u00e1 promoveu reuni\u00f5es para avaliar o retorno das torcidas, mas n\u00e3o houve avan\u00e7o entre as partes. Contudo, o cen\u00e1rio atual, sem registros de grandes incidentes, \u00e9 visto de forma mais otimista pela promotora.<\/p>\n\n\n\n<p><em>\u201cO Minist\u00e9rio P\u00fablico tem acompanhado de muito perto toda essa problem\u00e1tica em rela\u00e7\u00e3o \u00e0 torcida. No ano passado, era a nossa inten\u00e7\u00e3o fazer esse retorno em 2024, mas n\u00e3o foi poss\u00edvel diante do cen\u00e1rio que se apresentava. Nesse ano de 2024, n\u00f3s fizemos a mesma coisa, todo acompanhamento e, gra\u00e7as a Deus, at\u00e9 o presente momento n\u00e3o registramos graves incidentes envolvendo as torcidas dentro do est\u00e1dio ou entorno do est\u00e1dio\u201d,<\/em>&nbsp;acrescentou.<\/p>\n\n\n\n<p><strong>Posicionamento dos clubes<\/strong><\/p>\n\n\n\n<p>No final de 2023, uma reuni\u00e3o foi realizada entre os clubes, a Federa\u00e7\u00e3o Bahiana de Futebol (FBF) e a Pol\u00edcia Militar, revelando posicionamentos divergentes das partes. O Vit\u00f3ria, representado pelo presidente F\u00e1bio Mota, se mostrou a favor da torcida mista e citou novas reformas no Est\u00e1dio Manoel Barradas, como a implementa\u00e7\u00e3o da biometria facial para que o est\u00e1dio garantisse a seguran\u00e7a dos torcedores.<\/p>\n\n\n\n<p>J\u00e1 o Bahia ainda n\u00e3o divulgou seu posicionamento oficial. Segundo informa\u00e7\u00f5es divulgadas pelo GE, O tricolor de a\u00e7o avalia o retorno com cautela, considerando a recomenda\u00e7\u00e3o do Batalh\u00e3o Especializado de Policiamento de Eventos (BEPE) contra a medida. O Bahia argumenta que n\u00e3o houve altera\u00e7\u00f5es nas pol\u00edticas de seguran\u00e7a desde a proibi\u00e7\u00e3o para justificar o retorno das duas torcidas.<\/p>\n\n\n\n<p>Fonte: Varela Net <\/p>\n","protected":false},"excerpt":{"rendered":"<p>O Minist\u00e9rio P\u00fablico da Bahia (MP-BA) est\u00e1 avaliando a possibilidade do retorno das torcidas de Bahia e Vit\u00f3ria aos est\u00e1dios no cl\u00e1ssico Ba-Vi em 2025. A Promotora de Justi\u00e7a, Thelma Leal, declarou que &#8220;h\u00e1 grandes chances&#8221;&nbsp;do cl\u00e1ssico voltar a ter torcedores tricolores e rubro-negros na pr\u00f3xima temporada.&nbsp; Em entrevista ao Globo Esporte, a promotora afirmou [&hellip;]<\/p>\n","protected":false},"author":2,"featured_media":12083,"comment_status":"open","ping_status":"open","sticky":false,"template":"","format":"standard","meta":{"footnotes":""},"categories":[89],"tags":[],"class_list":["post-12082","post","type-post","status-publish","format-standard","has-post-thumbnail","hentry","category-esportes"],"_links":{"self":[{"href":"https:\/\/diabahia.com.br\/index.php\/wp-json\/wp\/v2\/posts\/12082","targetHints":{"allow":["GET"]}}],"collection":[{"href":"https:\/\/diabahia.com.br\/index.php\/wp-json\/wp\/v2\/posts"}],"about":[{"href":"https:\/\/diabahia.com.br\/index.php\/wp-json\/wp\/v2\/types\/post"}],"author":[{"embeddable":true,"href":"https:\/\/diabahia.com.br\/index.php\/wp-json\/wp\/v2\/users\/2"}],"replies":[{"embeddable":true,"href":"https:\/\/diabahia.com.br\/index.php\/wp-json\/wp\/v2\/comments?post=12082"}],"version-history":[{"count":0,"href":"https:\/\/diabahia.com.br\/index.php\/wp-json\/wp\/v2\/posts\/12082\/revisions"}],"wp:featuredmedia":[{"embeddable":true,"href":"https:\/\/diabahia.com.br\/index.php\/wp-json\/wp\/v2\/media\/12083"}],"wp:attachment":[{"href":"https:\/\/diabahia.com.br\/index.php\/wp-json\/wp\/v2\/media?parent=12082"}],"wp:term":[{"taxonomy":"category","embeddable":true,"href":"https:\/\/diabahia.com.br\/index.php\/wp-json\/wp\/v2\/categories?post=12082"},{"taxonomy":"post_tag","embeddable":true,"href":"https:\/\/diabahia.com.br\/index.php\/wp-json\/wp\/v2\/tags?post=12082"}],"curies":[{"name":"wp","href":"https:\/\/api.w.org\/{rel}","templated":true}]}}