{"id":12076,"date":"2024-11-01T10:52:46","date_gmt":"2024-11-01T13:52:46","guid":{"rendered":"https:\/\/diabahia.com.br\/?p=12076"},"modified":"2024-11-01T10:52:48","modified_gmt":"2024-11-01T13:52:48","slug":"sem-biel-e-rezende-bahia-segue-preparacao-visando-duelo-contra-o-sao-paulo","status":"publish","type":"post","link":"https:\/\/diabahia.com.br\/index.php\/2024\/11\/01\/sem-biel-e-rezende-bahia-segue-preparacao-visando-duelo-contra-o-sao-paulo\/","title":{"rendered":"Sem Biel e Rezende, Bahia segue prepara\u00e7\u00e3o visando duelo contra o S\u00e3o Paulo"},"content":{"rendered":"\n<p>O Bahia realizou mais uma sess\u00e3o de treinamento visando&nbsp;o confronto contra o S\u00e3o Paulo, durante a tarde desta quinta-feira (31) no CT Evaristo de Macedo, a equipe participou da habitual ativa\u00e7\u00e3o f\u00edsica antes de ir para o campo realizar o treino t\u00e1tico comandado por Rog\u00e9rio Ceni.&nbsp;<\/p>\n\n\n\n<p>Durante o treino, ap\u00f3s o aquecimento \u00e0 beira do campo, o t\u00e9cnico Rog\u00e9rio Ceni dividiu os jogadores em duas equipes e conduziu uma atividade t\u00e1tica em campo aberto. Ele interrompeu o treino diversas vezes para fornecer orienta\u00e7\u00f5es e experimentar novas estrat\u00e9gias. Ao final, alguns atletas praticaram bola parada, que pode ser uma arma para o duelo direto contra o time paulista. Biel e Rezende n\u00e3o estiveram em campo para a realiza\u00e7\u00e3o do treino.<\/p>\n\n\n\n<p>O Bahia retorna&nbsp;\u00e0 Cidade Tricolor nesta sexta-feira (1\u00ba) para mais uma sess\u00e3o de treinos, focando no importante duelo por uma vaga na Libertadores. O Esquadr\u00e3o recebe o S\u00e3o Paulo&nbsp;nesta ter\u00e7a-feira (5), \u00e0s 21h30, na Arena Fonte Nova, em mais uma rodada do Campeonato Brasileiro da&nbsp;S\u00e9rie A.<\/p>\n\n\n\n<p>Fonte: Varela Net <\/p>\n","protected":false},"excerpt":{"rendered":"<p>O Bahia realizou mais uma sess\u00e3o de treinamento visando&nbsp;o confronto contra o S\u00e3o Paulo, durante a tarde desta quinta-feira (31) no CT Evaristo de Macedo, a equipe participou da habitual ativa\u00e7\u00e3o f\u00edsica antes de ir para o campo realizar o treino t\u00e1tico comandado por Rog\u00e9rio Ceni.&nbsp; Durante o treino, ap\u00f3s o aquecimento \u00e0 beira do [&hellip;]<\/p>\n","protected":false},"author":2,"featured_media":12077,"comment_status":"open","ping_status":"open","sticky":false,"template":"","format":"standard","meta":{"footnotes":""},"categories":[89],"tags":[],"class_list":["post-12076","post","type-post","status-publish","format-standard","has-post-thumbnail","hentry","category-esportes"],"_links":{"self":[{"href":"https:\/\/diabahia.com.br\/index.php\/wp-json\/wp\/v2\/posts\/12076","targetHints":{"allow":["GET"]}}],"collection":[{"href":"https:\/\/diabahia.com.br\/index.php\/wp-json\/wp\/v2\/posts"}],"about":[{"href":"https:\/\/diabahia.com.br\/index.php\/wp-json\/wp\/v2\/types\/post"}],"author":[{"embeddable":true,"href":"https:\/\/diabahia.com.br\/index.php\/wp-json\/wp\/v2\/users\/2"}],"replies":[{"embeddable":true,"href":"https:\/\/diabahia.com.br\/index.php\/wp-json\/wp\/v2\/comments?post=12076"}],"version-history":[{"count":0,"href":"https:\/\/diabahia.com.br\/index.php\/wp-json\/wp\/v2\/posts\/12076\/revisions"}],"wp:featuredmedia":[{"embeddable":true,"href":"https:\/\/diabahia.com.br\/index.php\/wp-json\/wp\/v2\/media\/12077"}],"wp:attachment":[{"href":"https:\/\/diabahia.com.br\/index.php\/wp-json\/wp\/v2\/media?parent=12076"}],"wp:term":[{"taxonomy":"category","embeddable":true,"href":"https:\/\/diabahia.com.br\/index.php\/wp-json\/wp\/v2\/categories?post=12076"},{"taxonomy":"post_tag","embeddable":true,"href":"https:\/\/diabahia.com.br\/index.php\/wp-json\/wp\/v2\/tags?post=12076"}],"curies":[{"name":"wp","href":"https:\/\/api.w.org\/{rel}","templated":true}]}}