{"id":12052,"date":"2024-10-31T10:54:47","date_gmt":"2024-10-31T13:54:47","guid":{"rendered":"https:\/\/diabahia.com.br\/?p=12052"},"modified":"2024-10-31T10:54:48","modified_gmt":"2024-10-31T13:54:48","slug":"haddad-confirma-que-reforma-do-imposto-de-renda-fica-para-2025","status":"publish","type":"post","link":"https:\/\/diabahia.com.br\/index.php\/2024\/10\/31\/haddad-confirma-que-reforma-do-imposto-de-renda-fica-para-2025\/","title":{"rendered":"Haddad confirma que reforma do Imposto de Renda fica para 2025"},"content":{"rendered":"\n<p>O ministro da Fazenda Fernando Haddad confirmou nesta quarta-feira (30) que a reforma do Imposto de Renda (IR) vai ser realizada pelo governo apenas em 2025. Haddad espera que neste ano as vota\u00e7\u00f5es pelo Congresso Nacional da regulamenta\u00e7\u00e3o da reforma tribut\u00e1ria sobre o consumo sejam conclu\u00eddas.<\/p>\n\n\n\n<p>O presidente Lula j\u00e1 determinou que a equipe econ\u00f4mica encontre uma maneira de isentar de IR quem tem renda de at\u00e9 R$ 5.000 por m\u00eas, algo que \u00e9 visto entre especialistas em contas p\u00fablicas como de dif\u00edcil solu\u00e7\u00e3o tendo em vista a perda de receita p\u00fablica decorrente. Por isso a Fazenda estuda um mecanismo que pode ser usado para compensar a medida.<\/p>\n\n\n\n<p><em>&#8220;N\u00f3s temos tarefas como todo pa\u00eds tem. A China tem tarefas a cumprir, os norte-americanos t\u00eam tarefas a cumprir. A Europa est\u00e1 estagnada, a China est\u00e1 desacelerando e os Estados Unidos est\u00e3o com amea\u00e7as importantes agora em fun\u00e7\u00e3o dos riscos que envolvem at\u00e9 \u00e0s elei\u00e7\u00f5es&#8221;<\/em>, afirmou o ministro.&nbsp;<em>&#8220;Estamos dentro do mundo globalizado, mas n\u00f3s estamos atentos aos desafios que est\u00e3o colocados e temos seguran\u00e7a em dizer que n\u00f3s estamos endere\u00e7ando as reformas necess\u00e1rias&#8221;<\/em>, completou.<\/p>\n\n\n\n<p>Fonte: Varela Net <\/p>\n","protected":false},"excerpt":{"rendered":"<p>O ministro da Fazenda Fernando Haddad confirmou nesta quarta-feira (30) que a reforma do Imposto de Renda (IR) vai ser realizada pelo governo apenas em 2025. Haddad espera que neste ano as vota\u00e7\u00f5es pelo Congresso Nacional da regulamenta\u00e7\u00e3o da reforma tribut\u00e1ria sobre o consumo sejam conclu\u00eddas. O presidente Lula j\u00e1 determinou que a equipe econ\u00f4mica [&hellip;]<\/p>\n","protected":false},"author":2,"featured_media":12053,"comment_status":"open","ping_status":"open","sticky":false,"template":"","format":"standard","meta":{"footnotes":""},"categories":[85],"tags":[],"class_list":["post-12052","post","type-post","status-publish","format-standard","has-post-thumbnail","hentry","category-noticias"],"_links":{"self":[{"href":"https:\/\/diabahia.com.br\/index.php\/wp-json\/wp\/v2\/posts\/12052","targetHints":{"allow":["GET"]}}],"collection":[{"href":"https:\/\/diabahia.com.br\/index.php\/wp-json\/wp\/v2\/posts"}],"about":[{"href":"https:\/\/diabahia.com.br\/index.php\/wp-json\/wp\/v2\/types\/post"}],"author":[{"embeddable":true,"href":"https:\/\/diabahia.com.br\/index.php\/wp-json\/wp\/v2\/users\/2"}],"replies":[{"embeddable":true,"href":"https:\/\/diabahia.com.br\/index.php\/wp-json\/wp\/v2\/comments?post=12052"}],"version-history":[{"count":0,"href":"https:\/\/diabahia.com.br\/index.php\/wp-json\/wp\/v2\/posts\/12052\/revisions"}],"wp:featuredmedia":[{"embeddable":true,"href":"https:\/\/diabahia.com.br\/index.php\/wp-json\/wp\/v2\/media\/12053"}],"wp:attachment":[{"href":"https:\/\/diabahia.com.br\/index.php\/wp-json\/wp\/v2\/media?parent=12052"}],"wp:term":[{"taxonomy":"category","embeddable":true,"href":"https:\/\/diabahia.com.br\/index.php\/wp-json\/wp\/v2\/categories?post=12052"},{"taxonomy":"post_tag","embeddable":true,"href":"https:\/\/diabahia.com.br\/index.php\/wp-json\/wp\/v2\/tags?post=12052"}],"curies":[{"name":"wp","href":"https:\/\/api.w.org\/{rel}","templated":true}]}}