{"id":12045,"date":"2024-10-31T10:52:28","date_gmt":"2024-10-31T13:52:28","guid":{"rendered":"https:\/\/diabahia.com.br\/?p=12045"},"modified":"2024-10-31T10:52:29","modified_gmt":"2024-10-31T13:52:29","slug":"traficante-que-exibia-armas-nas-redes-sociais-e-preso-em-salvador","status":"publish","type":"post","link":"https:\/\/diabahia.com.br\/index.php\/2024\/10\/31\/traficante-que-exibia-armas-nas-redes-sociais-e-preso-em-salvador\/","title":{"rendered":"Traficante que exibia armas nas redes sociais \u00e9 preso em Salvador"},"content":{"rendered":"\n<p>Um traficante, conhecido por exibir armas nas redes sociais, foi preso na manh\u00e3 desta quinta-feira (31) no Complexo do Nordeste de Amaralina, em Salvador. A a\u00e7\u00e3o ocorreu durante as incurs\u00f5es da Opera\u00e7\u00e3o Rota Segura, quando o criminoso tentou fugir das for\u00e7as de seguran\u00e7a estaduais e federais, mas foi cercado e capturado.<\/p>\n\n\n\n<p>Durante a abordagem, as equipes apreenderam uma pistola calibre 9mm, um carregador, muni\u00e7\u00f5es, por\u00e7\u00f5es de drogas e celulares. A opera\u00e7\u00e3o conta com a participa\u00e7\u00e3o da FICCO Bahia, SSP (PM e PC) e Pol\u00edcia Federal, que continuam atuando na regi\u00e3o para combater o tr\u00e1fico de drogas.<\/p>\n\n\n\n<figure class=\"wp-block-image\"><img decoding=\"async\" src=\"https:\/\/api.varelanet.com.br\/fotos\/varela_noticias\/59350\/mg\/WhatsApp%20Image%202024-10-31%20at%2006.50.21..jpg\" alt=\"\"\/><\/figure>\n\n\n\n<p>A popula\u00e7\u00e3o pode colaborar com informa\u00e7\u00f5es sobre fac\u00e7\u00f5es criminosas pelo telefone 181, do Disque Den\u00fancia da SSP, contribuindo para a seguran\u00e7a local e a desarticula\u00e7\u00e3o do crime organizado.<\/p>\n\n\n\n<p>Fonte: Varela Net <\/p>\n","protected":false},"excerpt":{"rendered":"<p>Um traficante, conhecido por exibir armas nas redes sociais, foi preso na manh\u00e3 desta quinta-feira (31) no Complexo do Nordeste de Amaralina, em Salvador. A a\u00e7\u00e3o ocorreu durante as incurs\u00f5es da Opera\u00e7\u00e3o Rota Segura, quando o criminoso tentou fugir das for\u00e7as de seguran\u00e7a estaduais e federais, mas foi cercado e capturado. Durante a abordagem, as [&hellip;]<\/p>\n","protected":false},"author":2,"featured_media":12046,"comment_status":"open","ping_status":"open","sticky":false,"template":"","format":"standard","meta":{"footnotes":""},"categories":[105],"tags":[],"class_list":["post-12045","post","type-post","status-publish","format-standard","has-post-thumbnail","hentry","category-policia"],"_links":{"self":[{"href":"https:\/\/diabahia.com.br\/index.php\/wp-json\/wp\/v2\/posts\/12045","targetHints":{"allow":["GET"]}}],"collection":[{"href":"https:\/\/diabahia.com.br\/index.php\/wp-json\/wp\/v2\/posts"}],"about":[{"href":"https:\/\/diabahia.com.br\/index.php\/wp-json\/wp\/v2\/types\/post"}],"author":[{"embeddable":true,"href":"https:\/\/diabahia.com.br\/index.php\/wp-json\/wp\/v2\/users\/2"}],"replies":[{"embeddable":true,"href":"https:\/\/diabahia.com.br\/index.php\/wp-json\/wp\/v2\/comments?post=12045"}],"version-history":[{"count":0,"href":"https:\/\/diabahia.com.br\/index.php\/wp-json\/wp\/v2\/posts\/12045\/revisions"}],"wp:featuredmedia":[{"embeddable":true,"href":"https:\/\/diabahia.com.br\/index.php\/wp-json\/wp\/v2\/media\/12046"}],"wp:attachment":[{"href":"https:\/\/diabahia.com.br\/index.php\/wp-json\/wp\/v2\/media?parent=12045"}],"wp:term":[{"taxonomy":"category","embeddable":true,"href":"https:\/\/diabahia.com.br\/index.php\/wp-json\/wp\/v2\/categories?post=12045"},{"taxonomy":"post_tag","embeddable":true,"href":"https:\/\/diabahia.com.br\/index.php\/wp-json\/wp\/v2\/tags?post=12045"}],"curies":[{"name":"wp","href":"https:\/\/api.w.org\/{rel}","templated":true}]}}