{"id":12039,"date":"2024-10-31T10:43:33","date_gmt":"2024-10-31T13:43:33","guid":{"rendered":"https:\/\/diabahia.com.br\/?p=12039"},"modified":"2024-10-31T10:43:34","modified_gmt":"2024-10-31T13:43:34","slug":"prefeitura-inaugura-requalificacao-e-ampliacao-de-escola-na-avenida-barros-reis","status":"publish","type":"post","link":"https:\/\/diabahia.com.br\/index.php\/2024\/10\/31\/prefeitura-inaugura-requalificacao-e-ampliacao-de-escola-na-avenida-barros-reis\/","title":{"rendered":"Prefeitura Inaugura requalifica\u00e7\u00e3o e amplia\u00e7\u00e3o de escola na Avenida Barros Reis"},"content":{"rendered":"\n<p>A Prefeitura de Salvador entregou nesta quinta-feira (31), a requalifica\u00e7\u00e3o e amplia\u00e7\u00e3o da Escola Municipal Julieta Viana, localizada na Avenida Barros Reis, 257, no bairro do Pau Mi\u00fado. Com essa nova estrutura, a escola passar\u00e1 a atender at\u00e9 450 alunos nos dois turnos, abrangendo os segmentos de Creche, Pr\u00e9-escola e Fundamental I.&nbsp;<\/p>\n\n\n\n<p>A cerim\u00f4nia de inaugura\u00e7\u00e3o contou com a presen\u00e7a do prefeito Bruno Reis, da vice-prefeita Ana Paula Matos, do secret\u00e1rio da Educa\u00e7\u00e3o, Thiago Dantas, entre outras autoridades.<\/p>\n\n\n\n<p>Durante o evento o secret\u00e1rio, Thiago Dantas falou sobre o ritmo de trabalho de pasta na gest\u00e3o de Bruno Reis e sobre os investimentos da Escola Municipal Julieta Viana.<\/p>\n\n\n\n<p><em>&#8220;O prefeito Bruno Reis, ele tem na pauta da educa\u00e7\u00e3o a pauta priorit\u00e1ria, uma agenda que ele toma para acompanhar de perto todos os passos, o investimento em infraestrutura que est\u00e1 acontecendo na rede municipal de educa\u00e7\u00e3o hoje, n\u00e3o tem precedente, se voc\u00eas olharem e compararem com todos os anos anteriores, voc\u00eas v\u00e3o ver o volume de investimentos que est\u00e1 acontecendo. Ent\u00e3o s\u00e3o novas escolas, s\u00e3o escolas que est\u00e3o passando por um processo de climatiza\u00e7\u00e3o. Aqui hoje mais uma escola, a Julieta Viena que foi completamente reformada, est\u00e1 sendo entregue \u00e0 comunidade com dez salas, amplia\u00e7\u00e3o de capacidade, climatizada, feita em parceria com a gest\u00e3o escolar, para que a escola pudesse atender a todas as necessidades do dia a dia da escola.&#8221;&nbsp;<\/em>disse o secret\u00e1rio.<\/p>\n\n\n\n<p>A nova unidade escolar disp\u00f5e de uma infraestrutura moderna, com 10 salas de aula climatizadas, distribu\u00eddas em dois andares. No t\u00e9rreo, h\u00e1 quatro salas de aula, uma sala de Atendimento Educacional Especializado (AEE) e uma quadra esportiva. No andar superior, est\u00e3o localizadas cinco salas de aula climatizadas, um dep\u00f3sito para materiais did\u00e1ticos e salas sensoriais.<\/p>\n\n\n\n<p>Fonte: Varela Net <\/p>\n","protected":false},"excerpt":{"rendered":"<p>A Prefeitura de Salvador entregou nesta quinta-feira (31), a requalifica\u00e7\u00e3o e amplia\u00e7\u00e3o da Escola Municipal Julieta Viana, localizada na Avenida Barros Reis, 257, no bairro do Pau Mi\u00fado. Com essa nova estrutura, a escola passar\u00e1 a atender at\u00e9 450 alunos nos dois turnos, abrangendo os segmentos de Creche, Pr\u00e9-escola e Fundamental I.&nbsp; A cerim\u00f4nia de [&hellip;]<\/p>\n","protected":false},"author":2,"featured_media":12040,"comment_status":"open","ping_status":"open","sticky":false,"template":"","format":"standard","meta":{"footnotes":""},"categories":[85],"tags":[],"class_list":["post-12039","post","type-post","status-publish","format-standard","has-post-thumbnail","hentry","category-noticias"],"_links":{"self":[{"href":"https:\/\/diabahia.com.br\/index.php\/wp-json\/wp\/v2\/posts\/12039","targetHints":{"allow":["GET"]}}],"collection":[{"href":"https:\/\/diabahia.com.br\/index.php\/wp-json\/wp\/v2\/posts"}],"about":[{"href":"https:\/\/diabahia.com.br\/index.php\/wp-json\/wp\/v2\/types\/post"}],"author":[{"embeddable":true,"href":"https:\/\/diabahia.com.br\/index.php\/wp-json\/wp\/v2\/users\/2"}],"replies":[{"embeddable":true,"href":"https:\/\/diabahia.com.br\/index.php\/wp-json\/wp\/v2\/comments?post=12039"}],"version-history":[{"count":0,"href":"https:\/\/diabahia.com.br\/index.php\/wp-json\/wp\/v2\/posts\/12039\/revisions"}],"wp:featuredmedia":[{"embeddable":true,"href":"https:\/\/diabahia.com.br\/index.php\/wp-json\/wp\/v2\/media\/12040"}],"wp:attachment":[{"href":"https:\/\/diabahia.com.br\/index.php\/wp-json\/wp\/v2\/media?parent=12039"}],"wp:term":[{"taxonomy":"category","embeddable":true,"href":"https:\/\/diabahia.com.br\/index.php\/wp-json\/wp\/v2\/categories?post=12039"},{"taxonomy":"post_tag","embeddable":true,"href":"https:\/\/diabahia.com.br\/index.php\/wp-json\/wp\/v2\/tags?post=12039"}],"curies":[{"name":"wp","href":"https:\/\/api.w.org\/{rel}","templated":true}]}}