{"id":11988,"date":"2024-10-24T10:29:41","date_gmt":"2024-10-24T13:29:41","guid":{"rendered":"https:\/\/diabahia.com.br\/?p=11988"},"modified":"2024-10-24T10:29:43","modified_gmt":"2024-10-24T13:29:43","slug":"carnaval-cadastramento-de-veiculos-de-moradores-vai-ate-23-de-novembro","status":"publish","type":"post","link":"https:\/\/diabahia.com.br\/index.php\/2024\/10\/24\/carnaval-cadastramento-de-veiculos-de-moradores-vai-ate-23-de-novembro\/","title":{"rendered":"Carnaval: cadastramento de ve\u00edculos de moradores vai at\u00e9 23 de novembro"},"content":{"rendered":"\n<p>Os residentes das regi\u00f5es pr\u00f3ximas aos circuitos do Carnaval de Salvador precisam ficar atentos ao prazo para o cadastro de seus ve\u00edculos e a obten\u00e7\u00e3o das credenciais para circula\u00e7\u00e3o de autom\u00f3veis, tudo isso sem sair de casa. Aqueles que moram nessas \u00e1reas t\u00eam at\u00e9 o dia 23 de novembro para fazer a solicita\u00e7\u00e3o.<\/p>\n\n\n\n<p>Segundo a Superintend\u00eancia de Tr\u00e2nsito de Salvador (Transalvador), at\u00e9 agora, apenas 2.630 moradores completaram esse processo. A expectativa \u00e9 que aproximadamente 33 mil im\u00f3veis sejam aptos a receber as credenciais.<\/p>\n\n\n\n<p>O pedido deve ser realizado &nbsp;no site da Transalvador, atrav\u00e9s do link&nbsp;<a href=\"https:\/\/transalvador.salvador.ba.gov.br\/\">https:\/\/www.transalvador.salvador.ba.gov.br.<\/a>&nbsp;Os moradores que realizarem os registros das placas de at\u00e9 dois ve\u00edculos v\u00e3o receber os adesivos na resid\u00eancia. Tamb\u00e9m na p\u00e1gina virtual, o cidad\u00e3o pode saber se sua resid\u00eancia est\u00e1 numa das \u00e1reas de restri\u00e7\u00e3o da festa.<\/p>\n\n\n\n<p><em>\u201cPedimos que os moradores evitem deixar para a \u00faltima hora e prefiram fazer o credenciamento dos ve\u00edculos pelo site. Esse \u00e9 um procedimento seguro, f\u00e1cil e r\u00e1pido. Al\u00e9m do mais, somente assim o cidad\u00e3o poder\u00e1 receber as credenciais gratuitamente em casa. Ent\u00e3o, todos que residam nessas zonas de restri\u00e7\u00e3o de circula\u00e7\u00e3o devem ficar atentos ao prazo final para n\u00e3o perderem a comodidade\u201d,&nbsp;<\/em>alerta Decio Martins.<\/p>\n\n\n\n<p><strong>Funcionalidade &#8211;&nbsp;<\/strong>O procedimento est\u00e1 ainda mais simples para o morador que j\u00e1 fez o cadastro anteriormente. Neste caso, basta acessar o sistema com os mesmos login e senha. Em seguida, confirmar o ve\u00edculo que j\u00e1 foi cadastrado no ano passado, substitu\u00ed-lo ou incluir os dados de um novo autom\u00f3vel. O cidad\u00e3o que j\u00e1 tiver o cadastro pr\u00e9vio e n\u00e3o confirmar, substituir ou incluir um novo ve\u00edculo no site at\u00e9 a data-limite dever\u00e1 ir aos postos f\u00edsicos, que ser\u00e3o abertos em data e locais a serem divulgados, caso deseje uma nova credencial.<\/p>\n\n\n\n<p><strong>Cadastramento \u2013&nbsp;<\/strong>Quem n\u00e3o tem cadastro no site pode fazer virtualmente um novo registro para receber os adesivos. Para isso, o propriet\u00e1rio do im\u00f3vel ou o inquilino dever\u00e1 informar os n\u00fameros do IPTU, CPF\/CNPJ e o endere\u00e7o de e-mail. Cabe destacar que o n\u00famero do CPF informado dever\u00e1 ser o do propriet\u00e1rio do im\u00f3vel.<\/p>\n\n\n\n<p>Em seguida, o sistema enviar\u00e1 para o e-mail informado um c\u00f3digo de acesso. Ap\u00f3s isso, ao ingressar no sistema, poder\u00e1 ser informado o n\u00famero do Renavam e placa do ve\u00edculo a ser cadastrado.<\/p>\n\n\n\n<p>At\u00e9 o final do prazo todos poder\u00e3o efetuar mudan\u00e7as nas placas dos ve\u00edculos. Ap\u00f3s a data, o procedimento s\u00f3 poder\u00e1 ser realizado em um dos postos de atendimento, mediante a troca do adesivo e apresenta\u00e7\u00e3o do documento do novo ve\u00edculo (CRLV). O in\u00edcio do atendimento presencial e locais onde funcionar\u00e3o esses postos ser\u00e3o divulgados futuramente.<\/p>\n\n\n\n<p><strong>Cadastro fora do prazo \u2013<\/strong>&nbsp;As credenciais s\u00f3 ser\u00e3o entregues nas resid\u00eancias dos moradores que cadastraram as placas dos ve\u00edculos at\u00e9 23 de novembro no site da Transalvador. Quem perder o prazo, ter\u00e1 que retirar as credenciais nos postos de atendimento. Para agilizar a retirada nesses pontos, mesmo ap\u00f3s a data limite, o cidad\u00e3o poder\u00e1 fazer o cadastro das placas no site, mas dever\u00e1 ir nos balc\u00f5es para buscar as credenciais.<\/p>\n\n\n\n<p><strong>Zonas de Restri\u00e7\u00e3o \u2013&nbsp;<\/strong>Como em anos anteriores, o Carnaval de 2025 contar\u00e1 com cinco grandes \u00e1reas de restri\u00e7\u00e3o de circula\u00e7\u00e3o de ve\u00edculos. Essas regi\u00f5es ser\u00e3o subdivididas num total de 12 sub\u00e1reas. As credenciais s\u00e3o espec\u00edficas para cada um dos 12 locais. Os ve\u00edculos que n\u00e3o possu\u00edrem a devida libera\u00e7\u00e3o para circula\u00e7\u00e3o ou que acessarem outra subzona que n\u00e3o a de sua resid\u00eancia ser\u00e3o autuados.<\/p>\n\n\n\n<p>A multa para quem transitar em local e hor\u00e1rio n\u00e3o permitido pela regulamenta\u00e7\u00e3o \u00e9 de R$130,16. Essa \u00e9 uma infra\u00e7\u00e3o de natureza m\u00e9dia, prevista no artigo 187, inciso I, do C\u00f3digo de Tr\u00e2nsito Brasileiro (CTB). O infrator est\u00e1 sujeito ainda a 4 pontos<\/p>\n\n\n\n<p>Fonte: Varela Net <\/p>\n","protected":false},"excerpt":{"rendered":"<p>Os residentes das regi\u00f5es pr\u00f3ximas aos circuitos do Carnaval de Salvador precisam ficar atentos ao prazo para o cadastro de seus ve\u00edculos e a obten\u00e7\u00e3o das credenciais para circula\u00e7\u00e3o de autom\u00f3veis, tudo isso sem sair de casa. Aqueles que moram nessas \u00e1reas t\u00eam at\u00e9 o dia 23 de novembro para fazer a solicita\u00e7\u00e3o. Segundo a [&hellip;]<\/p>\n","protected":false},"author":2,"featured_media":11989,"comment_status":"open","ping_status":"open","sticky":false,"template":"","format":"standard","meta":{"footnotes":""},"categories":[85],"tags":[],"class_list":["post-11988","post","type-post","status-publish","format-standard","has-post-thumbnail","hentry","category-noticias"],"_links":{"self":[{"href":"https:\/\/diabahia.com.br\/index.php\/wp-json\/wp\/v2\/posts\/11988","targetHints":{"allow":["GET"]}}],"collection":[{"href":"https:\/\/diabahia.com.br\/index.php\/wp-json\/wp\/v2\/posts"}],"about":[{"href":"https:\/\/diabahia.com.br\/index.php\/wp-json\/wp\/v2\/types\/post"}],"author":[{"embeddable":true,"href":"https:\/\/diabahia.com.br\/index.php\/wp-json\/wp\/v2\/users\/2"}],"replies":[{"embeddable":true,"href":"https:\/\/diabahia.com.br\/index.php\/wp-json\/wp\/v2\/comments?post=11988"}],"version-history":[{"count":0,"href":"https:\/\/diabahia.com.br\/index.php\/wp-json\/wp\/v2\/posts\/11988\/revisions"}],"wp:featuredmedia":[{"embeddable":true,"href":"https:\/\/diabahia.com.br\/index.php\/wp-json\/wp\/v2\/media\/11989"}],"wp:attachment":[{"href":"https:\/\/diabahia.com.br\/index.php\/wp-json\/wp\/v2\/media?parent=11988"}],"wp:term":[{"taxonomy":"category","embeddable":true,"href":"https:\/\/diabahia.com.br\/index.php\/wp-json\/wp\/v2\/categories?post=11988"},{"taxonomy":"post_tag","embeddable":true,"href":"https:\/\/diabahia.com.br\/index.php\/wp-json\/wp\/v2\/tags?post=11988"}],"curies":[{"name":"wp","href":"https:\/\/api.w.org\/{rel}","templated":true}]}}