{"id":11953,"date":"2024-10-22T16:03:46","date_gmt":"2024-10-22T19:03:46","guid":{"rendered":"https:\/\/diabahia.com.br\/?p=11953"},"modified":"2024-10-22T16:04:16","modified_gmt":"2024-10-22T19:04:16","slug":"ex-atacante-uruguaio-diego-forlan-jogara-torneio-profissional-de-tenis","status":"publish","type":"post","link":"https:\/\/diabahia.com.br\/index.php\/2024\/10\/22\/ex-atacante-uruguaio-diego-forlan-jogara-torneio-profissional-de-tenis\/","title":{"rendered":"Ex-atacante uruguaio Diego Forl\u00e1n jogar\u00e1 torneio profissional de t\u00eanis"},"content":{"rendered":"\n<p>Aos 45 anos, o ex-atacante da sele\u00e7\u00e3o uruguaia\u00a0Diego Forl\u00e1n\u00a0voltar\u00e1 ao esporte profissional como tenista no Uruguai Open, torneio de categoria Challenger no circuito da\u00a0ATP.<\/p>\n\n\n\n<p>&#8220;Este ano teremos uma dupla IMPERD\u00cdVEL: o tenista argentino Federico Coria (atualmente n\u00famero 78 no ranking da ATP) e o ex-jogador de futebol uruguaio Diego Forl\u00e1n&#8221;, anunciou a organiza\u00e7\u00e3o do torneio em sua conta no Instagram.<\/p>\n\n\n\n<p>Na adolesc\u00eancia, antes de se dedicar ao&nbsp;futebol profissional&nbsp;e se tornar uma estrela internacional, Forl\u00e1n praticava t\u00eanis amador e era um talento promissor.<\/p>\n\n\n\n<p>O ex-atacante participou de torneios Masters de veteranos e a partir de novembro jogar\u00e1 profissionalmente formando dupla com&nbsp;Federico Coria,&nbsp;de 32 anos, irm\u00e3o do capit\u00e3o da Argentina na&nbsp;Copa Davis, Guillermo Coria. <\/p>\n\n\n\n<p>&#8220;Sim, nosso 10 tamb\u00e9m est\u00e1 arrasando no t\u00eanis!&#8221;, acrescentou a publica\u00e7\u00e3o.<\/p>\n\n\n\n<p>O \u00eddolo uruguaio come\u00e7ou sua carreira no futebol no Independiente da Argentina e em 2002 se transferiu para o&nbsp;Manchester United, onde foi campe\u00e3o da Premier League (2003) e da Copa da Inglaterra (2004).<\/p>\n\n\n\n<p>Eleito o melhor jogador da Copa do Mundo de 2010 e campe\u00e3o da&nbsp;Copa Am\u00e9rica&nbsp;pela &#8216;Celeste&#8217; em 2011, Forl\u00e1n foi jogador do&nbsp;Internacional&nbsp;de Porto Alegre entre 2012 e 2013, depois de passar por outros clubes da Europa como&nbsp;Atl\u00e9tico de Madrid&nbsp;e Inter de Mil\u00e3o. Em 2018, pendurou as chuteiras no Kitchee, de Hong Kong. <\/p>\n\n\n\n<p>Fonte: A Tarde <\/p>\n","protected":false},"excerpt":{"rendered":"<p>Aos 45 anos, o ex-atacante da sele\u00e7\u00e3o uruguaia\u00a0Diego Forl\u00e1n\u00a0voltar\u00e1 ao esporte profissional como tenista no Uruguai Open, torneio de categoria Challenger no circuito da\u00a0ATP. &#8220;Este ano teremos uma dupla IMPERD\u00cdVEL: o tenista argentino Federico Coria (atualmente n\u00famero 78 no ranking da ATP) e o ex-jogador de futebol uruguaio Diego Forl\u00e1n&#8221;, anunciou a organiza\u00e7\u00e3o do torneio [&hellip;]<\/p>\n","protected":false},"author":2,"featured_media":11954,"comment_status":"open","ping_status":"open","sticky":false,"template":"","format":"standard","meta":{"footnotes":""},"categories":[89],"tags":[],"class_list":["post-11953","post","type-post","status-publish","format-standard","has-post-thumbnail","hentry","category-esportes"],"_links":{"self":[{"href":"https:\/\/diabahia.com.br\/index.php\/wp-json\/wp\/v2\/posts\/11953","targetHints":{"allow":["GET"]}}],"collection":[{"href":"https:\/\/diabahia.com.br\/index.php\/wp-json\/wp\/v2\/posts"}],"about":[{"href":"https:\/\/diabahia.com.br\/index.php\/wp-json\/wp\/v2\/types\/post"}],"author":[{"embeddable":true,"href":"https:\/\/diabahia.com.br\/index.php\/wp-json\/wp\/v2\/users\/2"}],"replies":[{"embeddable":true,"href":"https:\/\/diabahia.com.br\/index.php\/wp-json\/wp\/v2\/comments?post=11953"}],"version-history":[{"count":0,"href":"https:\/\/diabahia.com.br\/index.php\/wp-json\/wp\/v2\/posts\/11953\/revisions"}],"wp:featuredmedia":[{"embeddable":true,"href":"https:\/\/diabahia.com.br\/index.php\/wp-json\/wp\/v2\/media\/11954"}],"wp:attachment":[{"href":"https:\/\/diabahia.com.br\/index.php\/wp-json\/wp\/v2\/media?parent=11953"}],"wp:term":[{"taxonomy":"category","embeddable":true,"href":"https:\/\/diabahia.com.br\/index.php\/wp-json\/wp\/v2\/categories?post=11953"},{"taxonomy":"post_tag","embeddable":true,"href":"https:\/\/diabahia.com.br\/index.php\/wp-json\/wp\/v2\/tags?post=11953"}],"curies":[{"name":"wp","href":"https:\/\/api.w.org\/{rel}","templated":true}]}}