{"id":11921,"date":"2024-10-22T10:31:35","date_gmt":"2024-10-22T13:31:35","guid":{"rendered":"https:\/\/diabahia.com.br\/?p=11921"},"modified":"2024-10-22T10:31:38","modified_gmt":"2024-10-22T13:31:38","slug":"pm-lanca-operacao-horus-para-coibir-crimes-violentos-em-salvador-saiba-mais","status":"publish","type":"post","link":"https:\/\/diabahia.com.br\/index.php\/2024\/10\/22\/pm-lanca-operacao-horus-para-coibir-crimes-violentos-em-salvador-saiba-mais\/","title":{"rendered":"PM lan\u00e7a &#8216;Opera\u00e7\u00e3o H\u00f3rus&#8217; para coibir crimes violentos em Salvador; saiba mais"},"content":{"rendered":"\n<p>A Pol\u00edcia Militar da Bahia (PMBA) lan\u00e7a nesta ter\u00e7a-feira (22) a Opera\u00e7\u00e3o H\u00f3rus. A iniciativa visa intensificar as a\u00e7\u00f5es de policiamento ostensivo em Salvador a fim de reduzir os Crimes Violentos Letais Intencionais (CVLI), como homic\u00eddios.<\/p>\n\n\n\n<p>O evento acontece \u00e0s 11h na \u00e1rea externa da Assembleia Legislativa da Bahia. Para a opera\u00e7\u00e3o, ser\u00e3o mobilizados policiais das Companhias Independentes de Policiamento Especializado (Cipes), das Companhias Independentes de Policiamento T\u00e1tico (CIPTs) e de outras unidades especializadas.&nbsp;<\/p>\n\n\n\n<p>Al\u00e9m disso, o efetivo ser\u00e1 refor\u00e7ado para aumentar a presen\u00e7a da pol\u00edcia em \u00e1reas estrat\u00e9gicas com incurs\u00f5es e pontos de bloqueio para prevenir crimes contra a vida e o patrim\u00f4nio, al\u00e9m do combate ao narcotr\u00e1fico.<\/p>\n\n\n\n<p>As equipes da PM ir\u00e3o contar com o suporte de uma frota completa de viaturas e aeronaves do Grupamento A\u00e9reo (Graer). Recursos tecnol\u00f3gicos avan\u00e7ados e informa\u00e7\u00f5es estrat\u00e9gicas do setor de intelig\u00eancia da pol\u00edcia.&nbsp;<\/p>\n\n\n\n<p>Fonte: Varela Net <\/p>\n","protected":false},"excerpt":{"rendered":"<p>A Pol\u00edcia Militar da Bahia (PMBA) lan\u00e7a nesta ter\u00e7a-feira (22) a Opera\u00e7\u00e3o H\u00f3rus. A iniciativa visa intensificar as a\u00e7\u00f5es de policiamento ostensivo em Salvador a fim de reduzir os Crimes Violentos Letais Intencionais (CVLI), como homic\u00eddios. O evento acontece \u00e0s 11h na \u00e1rea externa da Assembleia Legislativa da Bahia. Para a opera\u00e7\u00e3o, ser\u00e3o mobilizados policiais [&hellip;]<\/p>\n","protected":false},"author":2,"featured_media":11922,"comment_status":"open","ping_status":"open","sticky":false,"template":"","format":"standard","meta":{"footnotes":""},"categories":[105],"tags":[],"class_list":["post-11921","post","type-post","status-publish","format-standard","has-post-thumbnail","hentry","category-policia"],"_links":{"self":[{"href":"https:\/\/diabahia.com.br\/index.php\/wp-json\/wp\/v2\/posts\/11921","targetHints":{"allow":["GET"]}}],"collection":[{"href":"https:\/\/diabahia.com.br\/index.php\/wp-json\/wp\/v2\/posts"}],"about":[{"href":"https:\/\/diabahia.com.br\/index.php\/wp-json\/wp\/v2\/types\/post"}],"author":[{"embeddable":true,"href":"https:\/\/diabahia.com.br\/index.php\/wp-json\/wp\/v2\/users\/2"}],"replies":[{"embeddable":true,"href":"https:\/\/diabahia.com.br\/index.php\/wp-json\/wp\/v2\/comments?post=11921"}],"version-history":[{"count":0,"href":"https:\/\/diabahia.com.br\/index.php\/wp-json\/wp\/v2\/posts\/11921\/revisions"}],"wp:featuredmedia":[{"embeddable":true,"href":"https:\/\/diabahia.com.br\/index.php\/wp-json\/wp\/v2\/media\/11922"}],"wp:attachment":[{"href":"https:\/\/diabahia.com.br\/index.php\/wp-json\/wp\/v2\/media?parent=11921"}],"wp:term":[{"taxonomy":"category","embeddable":true,"href":"https:\/\/diabahia.com.br\/index.php\/wp-json\/wp\/v2\/categories?post=11921"},{"taxonomy":"post_tag","embeddable":true,"href":"https:\/\/diabahia.com.br\/index.php\/wp-json\/wp\/v2\/tags?post=11921"}],"curies":[{"name":"wp","href":"https:\/\/api.w.org\/{rel}","templated":true}]}}