{"id":11909,"date":"2024-10-18T11:08:12","date_gmt":"2024-10-18T14:08:12","guid":{"rendered":"https:\/\/diabahia.com.br\/?p=11909"},"modified":"2024-10-18T11:08:14","modified_gmt":"2024-10-18T14:08:14","slug":"cerca-de-700-kg-de-cocaina-sao-apreendidos-no-porto-de-salvador","status":"publish","type":"post","link":"https:\/\/diabahia.com.br\/index.php\/2024\/10\/18\/cerca-de-700-kg-de-cocaina-sao-apreendidos-no-porto-de-salvador\/","title":{"rendered":"Cerca de 700 kg de coca\u00edna s\u00e3o apreendidos no Porto de Salvador"},"content":{"rendered":"\n<p>Na noite de quinta-feira, 17, a Receita Federal&nbsp;apreendeu&nbsp;700 kg de coca\u00edna, em Opera\u00e7\u00e3o Conjunta com a Pol\u00edcia Federal. Al\u00e9m da apreens\u00e3o, seis pessoas que se encontravam debaixo de um caminh\u00e3o e o motorista foram presos no Porto de Salvador.<\/p>\n\n\n\n<p>O condutor foi levado com cerca de 300 kg de coca\u00edna, em an\u00e1lise dos dados, a Receita Federal localizou o container em carga de exporta\u00e7\u00e3o, que tamb\u00e9m carregava mais de 400 kg de coca\u00edna. <\/p>\n\n\n\n<p>A Pol\u00edcia Federal e a Receita Federal foram acionadas pelos seguran\u00e7as do principal terminal log\u00edstico no Porto de Salvador ap\u00f3s perceber o comportamento suspeito do motorista do caminh\u00e3o.<\/p>\n\n\n\n<p>A Pol\u00edcia Federal localizou seis suspeitos escondidos no lastro do caminh\u00e3o, que tentavam acessar o recinto para realizar e exporta\u00e7\u00e3o para Europa. O cont\u00eainer carregado com algod\u00e3o tinha como destino Porto de Algeciras, na Espanha e seria embarcado em um navio no final de semana.<\/p>\n\n\n\n<p>A droga e o flagrante foram entregues a Pol\u00edcia Federal para continuidade da investiga\u00e7\u00e3o, o caminh\u00e3o apreendido pela Receita Federal ser\u00e1 lavrado por auto de infra\u00e7\u00e3o para aplica\u00e7\u00e3o da pena de perdimento por oculta\u00e7\u00e3o de droga em fundo falso.<\/p>\n\n\n\n<p>Fonte: A Tarde <\/p>\n","protected":false},"excerpt":{"rendered":"<p>Na noite de quinta-feira, 17, a Receita Federal&nbsp;apreendeu&nbsp;700 kg de coca\u00edna, em Opera\u00e7\u00e3o Conjunta com a Pol\u00edcia Federal. Al\u00e9m da apreens\u00e3o, seis pessoas que se encontravam debaixo de um caminh\u00e3o e o motorista foram presos no Porto de Salvador. O condutor foi levado com cerca de 300 kg de coca\u00edna, em an\u00e1lise dos dados, a [&hellip;]<\/p>\n","protected":false},"author":2,"featured_media":11910,"comment_status":"open","ping_status":"open","sticky":false,"template":"","format":"standard","meta":{"footnotes":""},"categories":[85],"tags":[],"class_list":["post-11909","post","type-post","status-publish","format-standard","has-post-thumbnail","hentry","category-noticias"],"_links":{"self":[{"href":"https:\/\/diabahia.com.br\/index.php\/wp-json\/wp\/v2\/posts\/11909","targetHints":{"allow":["GET"]}}],"collection":[{"href":"https:\/\/diabahia.com.br\/index.php\/wp-json\/wp\/v2\/posts"}],"about":[{"href":"https:\/\/diabahia.com.br\/index.php\/wp-json\/wp\/v2\/types\/post"}],"author":[{"embeddable":true,"href":"https:\/\/diabahia.com.br\/index.php\/wp-json\/wp\/v2\/users\/2"}],"replies":[{"embeddable":true,"href":"https:\/\/diabahia.com.br\/index.php\/wp-json\/wp\/v2\/comments?post=11909"}],"version-history":[{"count":0,"href":"https:\/\/diabahia.com.br\/index.php\/wp-json\/wp\/v2\/posts\/11909\/revisions"}],"wp:featuredmedia":[{"embeddable":true,"href":"https:\/\/diabahia.com.br\/index.php\/wp-json\/wp\/v2\/media\/11910"}],"wp:attachment":[{"href":"https:\/\/diabahia.com.br\/index.php\/wp-json\/wp\/v2\/media?parent=11909"}],"wp:term":[{"taxonomy":"category","embeddable":true,"href":"https:\/\/diabahia.com.br\/index.php\/wp-json\/wp\/v2\/categories?post=11909"},{"taxonomy":"post_tag","embeddable":true,"href":"https:\/\/diabahia.com.br\/index.php\/wp-json\/wp\/v2\/tags?post=11909"}],"curies":[{"name":"wp","href":"https:\/\/api.w.org\/{rel}","templated":true}]}}