{"id":11861,"date":"2024-10-17T11:03:22","date_gmt":"2024-10-17T14:03:22","guid":{"rendered":"https:\/\/diabahia.com.br\/?p=11861"},"modified":"2024-10-17T11:03:24","modified_gmt":"2024-10-17T14:03:24","slug":"mae-e-presa-apos-mortes-suspeitas-de-gemeas-em-igrejinha-rs","status":"publish","type":"post","link":"https:\/\/diabahia.com.br\/index.php\/2024\/10\/17\/mae-e-presa-apos-mortes-suspeitas-de-gemeas-em-igrejinha-rs\/","title":{"rendered":"M\u00e3e \u00e9 presa ap\u00f3s mortes suspeitas de g\u00eameas em Igrejinha &#8211; RS"},"content":{"rendered":"\n<p>Na manh\u00e3 desta quarta-feira (16), a Pol\u00edcia Civil do Rio Grande do Sul prendeu a m\u00e3e das g\u00eameas Ant\u00f4nia e Manoela, de apenas 6 anos, que faleceram com um intervalo de oito dias em Igrejinha, a 90 km de Porto Alegre. Segundo o delegado Cleber Lima, a principal suspeita \u00e9 que a mulher tenha cometido homic\u00eddio, embora as investiga\u00e7\u00f5es ainda estejam em andamento para esclarecer os fatos.<\/p>\n\n\n\n<p>As g\u00eameas apresentaram sintomas semelhantes antes de morrer. Manoela faleceu no dia 7 de outubro, enquanto Ant\u00f4nia foi socorrida em casa e n\u00e3o sobreviveu a um quadro de parada cardiorrespirat\u00f3ria na \u00faltima ter\u00e7a-feira (15). O Corpo de Bombeiros Volunt\u00e1rios de Igrejinha confirmou que ambas tinham sinais id\u00eanticos, o que levantou suspeitas sobre as circunst\u00e2ncias de suas mortes.<\/p>\n\n\n\n<p>O Conselho Municipal dos Direitos da Crian\u00e7a e do Adolescente (Comudica) tamb\u00e9m se manifestou, informando que ir\u00e1 investigar poss\u00edveis falhas do conselho tutelar na prote\u00e7\u00e3o das crian\u00e7as. A entidade destacou que n\u00e3o recebeu den\u00fancias anteriores sobre maus-tratos e se comprometeu a averiguar o cumprimento do dever legal de prote\u00e7\u00e3o \u00e0s meninas.<\/p>\n\n\n\n<p>Os laudos do Instituto-Geral de Per\u00edcias ainda est\u00e3o em andamento, e a pol\u00edcia pediu cautela em rela\u00e7\u00e3o \u00e0s informa\u00e7\u00f5es sobre o caso.&nbsp;<\/p>\n\n\n\n<p>Fonte: Varela Net <\/p>\n","protected":false},"excerpt":{"rendered":"<p>Na manh\u00e3 desta quarta-feira (16), a Pol\u00edcia Civil do Rio Grande do Sul prendeu a m\u00e3e das g\u00eameas Ant\u00f4nia e Manoela, de apenas 6 anos, que faleceram com um intervalo de oito dias em Igrejinha, a 90 km de Porto Alegre. Segundo o delegado Cleber Lima, a principal suspeita \u00e9 que a mulher tenha cometido [&hellip;]<\/p>\n","protected":false},"author":2,"featured_media":11862,"comment_status":"open","ping_status":"open","sticky":false,"template":"","format":"standard","meta":{"footnotes":""},"categories":[105],"tags":[],"class_list":["post-11861","post","type-post","status-publish","format-standard","has-post-thumbnail","hentry","category-policia"],"_links":{"self":[{"href":"https:\/\/diabahia.com.br\/index.php\/wp-json\/wp\/v2\/posts\/11861","targetHints":{"allow":["GET"]}}],"collection":[{"href":"https:\/\/diabahia.com.br\/index.php\/wp-json\/wp\/v2\/posts"}],"about":[{"href":"https:\/\/diabahia.com.br\/index.php\/wp-json\/wp\/v2\/types\/post"}],"author":[{"embeddable":true,"href":"https:\/\/diabahia.com.br\/index.php\/wp-json\/wp\/v2\/users\/2"}],"replies":[{"embeddable":true,"href":"https:\/\/diabahia.com.br\/index.php\/wp-json\/wp\/v2\/comments?post=11861"}],"version-history":[{"count":0,"href":"https:\/\/diabahia.com.br\/index.php\/wp-json\/wp\/v2\/posts\/11861\/revisions"}],"wp:featuredmedia":[{"embeddable":true,"href":"https:\/\/diabahia.com.br\/index.php\/wp-json\/wp\/v2\/media\/11862"}],"wp:attachment":[{"href":"https:\/\/diabahia.com.br\/index.php\/wp-json\/wp\/v2\/media?parent=11861"}],"wp:term":[{"taxonomy":"category","embeddable":true,"href":"https:\/\/diabahia.com.br\/index.php\/wp-json\/wp\/v2\/categories?post=11861"},{"taxonomy":"post_tag","embeddable":true,"href":"https:\/\/diabahia.com.br\/index.php\/wp-json\/wp\/v2\/tags?post=11861"}],"curies":[{"name":"wp","href":"https:\/\/api.w.org\/{rel}","templated":true}]}}