{"id":11844,"date":"2024-10-16T10:44:22","date_gmt":"2024-10-16T13:44:22","guid":{"rendered":"https:\/\/diabahia.com.br\/?p=11844"},"modified":"2024-10-16T10:44:24","modified_gmt":"2024-10-16T13:44:24","slug":"geraldo-jr-comenta-pela-primeira-vez-sobre-derrota-nas-eleicoes-sim-perdemos","status":"publish","type":"post","link":"https:\/\/diabahia.com.br\/index.php\/2024\/10\/16\/geraldo-jr-comenta-pela-primeira-vez-sobre-derrota-nas-eleicoes-sim-perdemos\/","title":{"rendered":"Geraldo Jr comenta pela primeira vez sobre derrota nas elei\u00e7\u00f5es: &#8220;Sim, perdemos&#8221;"},"content":{"rendered":"\n<p>O vice-governador da Bahia, Geraldo J\u00fanior (MDB) compartilhou em entrevista realizada nesta ter\u00e7a-feira (15), que sua derrota nas elei\u00e7\u00f5es representa um rev\u00e9s para todo o grupo pol\u00edtico do qual faz parte, e n\u00e3o apenas para ele enquanto candidato.<\/p>\n\n\n\n<p>\u201cEssa derrota em Salvador n\u00e3o \u00e9 apenas de Geraldinho, do MDB. \u00c9 de toda a alian\u00e7a de partidos que formamos. N\u00e3o podemos ter duas medidas nesse contexto. Recentemente, lan\u00e7amos um candidato a prefeito em Juazeiro, o Andrei da Caixa, que muitos duvidavam. Eu estive presente no pr\u00e9-lan\u00e7amento e, apesar das incertezas, Andrei se manteve firme, contando com o apoio do nosso partido e da alian\u00e7a. Assim como a vit\u00f3ria em Juazeiro \u00e9 atribu\u00edda \u00e0 alian\u00e7a, a derrota em Salvador tamb\u00e9m deve ser vista dessa forma\u201d, explicou Geraldo J\u00fanior.<\/p>\n\n\n\n<p>Em sua&nbsp;concedida \u00e0 r\u00e1dio Metr\u00f3pole, ele destacou que n\u00e3o ir\u00e1 fazer cobran\u00e7as sobre quem o apoiou ou n\u00e3o na campanha ao Pal\u00e1cio Thom\u00e9 de Souza. \u201cCada um tem sua consci\u00eancia e sua responsabilidade. Eu me dediquei, fui \u00e0s ruas e dei o meu melhor\u201d, disse ele.<\/p>\n\n\n\n<p>\u201cA derrota deve ser encarada como uma oportunidade de aprendizado, n\u00e3o um motivo para lamenta\u00e7\u00f5es. Precisamos avaliar o que aconteceu e tomar decis\u00f5es futuras com mais sabedoria. Sim, perdemos. Perdi a elei\u00e7\u00e3o e meu grupo pol\u00edtico tamb\u00e9m. Quando um time ganha, recebe aplausos; quando perde, s\u00f3 h\u00e1 cr\u00edticas. Existe aquele velho ditado: a vit\u00f3ria tem muitos pais, mas o fracasso \u00e9 \u00f3rf\u00e3o\u201d, acrescentou.<\/p>\n\n\n\n<p>Fonte: Varela Net <\/p>\n","protected":false},"excerpt":{"rendered":"<p>O vice-governador da Bahia, Geraldo J\u00fanior (MDB) compartilhou em entrevista realizada nesta ter\u00e7a-feira (15), que sua derrota nas elei\u00e7\u00f5es representa um rev\u00e9s para todo o grupo pol\u00edtico do qual faz parte, e n\u00e3o apenas para ele enquanto candidato. \u201cEssa derrota em Salvador n\u00e3o \u00e9 apenas de Geraldinho, do MDB. \u00c9 de toda a alian\u00e7a de [&hellip;]<\/p>\n","protected":false},"author":2,"featured_media":11845,"comment_status":"open","ping_status":"open","sticky":false,"template":"","format":"standard","meta":{"footnotes":""},"categories":[91],"tags":[],"class_list":["post-11844","post","type-post","status-publish","format-standard","has-post-thumbnail","hentry","category-politica"],"_links":{"self":[{"href":"https:\/\/diabahia.com.br\/index.php\/wp-json\/wp\/v2\/posts\/11844","targetHints":{"allow":["GET"]}}],"collection":[{"href":"https:\/\/diabahia.com.br\/index.php\/wp-json\/wp\/v2\/posts"}],"about":[{"href":"https:\/\/diabahia.com.br\/index.php\/wp-json\/wp\/v2\/types\/post"}],"author":[{"embeddable":true,"href":"https:\/\/diabahia.com.br\/index.php\/wp-json\/wp\/v2\/users\/2"}],"replies":[{"embeddable":true,"href":"https:\/\/diabahia.com.br\/index.php\/wp-json\/wp\/v2\/comments?post=11844"}],"version-history":[{"count":0,"href":"https:\/\/diabahia.com.br\/index.php\/wp-json\/wp\/v2\/posts\/11844\/revisions"}],"wp:featuredmedia":[{"embeddable":true,"href":"https:\/\/diabahia.com.br\/index.php\/wp-json\/wp\/v2\/media\/11845"}],"wp:attachment":[{"href":"https:\/\/diabahia.com.br\/index.php\/wp-json\/wp\/v2\/media?parent=11844"}],"wp:term":[{"taxonomy":"category","embeddable":true,"href":"https:\/\/diabahia.com.br\/index.php\/wp-json\/wp\/v2\/categories?post=11844"},{"taxonomy":"post_tag","embeddable":true,"href":"https:\/\/diabahia.com.br\/index.php\/wp-json\/wp\/v2\/tags?post=11844"}],"curies":[{"name":"wp","href":"https:\/\/api.w.org\/{rel}","templated":true}]}}