{"id":11828,"date":"2024-10-15T10:31:51","date_gmt":"2024-10-15T13:31:51","guid":{"rendered":"https:\/\/diabahia.com.br\/?p=11828"},"modified":"2024-10-15T10:31:53","modified_gmt":"2024-10-15T13:31:53","slug":"bahia-realiza-treino-tatico-visando-duelo-contra-o-cruzeiro","status":"publish","type":"post","link":"https:\/\/diabahia.com.br\/index.php\/2024\/10\/15\/bahia-realiza-treino-tatico-visando-duelo-contra-o-cruzeiro\/","title":{"rendered":"Bahia realiza treino t\u00e1tico visando duelo contra o Cruzeiro"},"content":{"rendered":"\n<p>Ap\u00f3s quatro dias de descanso, o Bahia voltou aos treinos na Cidade Tricolor nesta segunda-feira (14) para se preparar para o jogo contra o Cruzeiro, pela 30\u00aa rodada do Campeonato Brasileiro, que acontecer\u00e1 na sexta-feira (18), \u00e0s 21h30, no est\u00e1dio Mineir\u00e3o, em Belo Horizonte.<\/p>\n\n\n\n<p>Entre as novidades do treino,&nbsp;o volante Rezende permanece&nbsp;em processo de recupera\u00e7\u00e3o de uma les\u00e3o muscular e ficou&nbsp;de fora das atividades. Os demais atletas realizaram atividades t\u00e9cnicas e t\u00e1ticas. Por outro lado, o atacante Biel e o volante Nicol\u00e1s Acevedo treinaram normalmente e podem ser op\u00e7\u00f5es para substituir o suspenso Caio Alexandre.<\/p>\n\n\n\n<p>Os&nbsp;atletas que estiveram dispon\u00edveis&nbsp;fizeram apenas um trabalho t\u00e9cnico dividido o elenco em dois times e utilizando quatro esta\u00e7\u00f5es, posteriormente, Rog\u00e9rio Ceni comandou um treino t\u00e1tico em campo aberto. O Bahia, atualmente na 7\u00aa posi\u00e7\u00e3o com 45 pontos, enfrentar\u00e1 o Cruzeiro, que est\u00e1 logo abaixo na tabela, em um duelo direto por uma vaga na Pr\u00e9-Libertadores.&nbsp;<\/p>\n\n\n\n<p>Fonte: Varela Net <\/p>\n","protected":false},"excerpt":{"rendered":"<p>Ap\u00f3s quatro dias de descanso, o Bahia voltou aos treinos na Cidade Tricolor nesta segunda-feira (14) para se preparar para o jogo contra o Cruzeiro, pela 30\u00aa rodada do Campeonato Brasileiro, que acontecer\u00e1 na sexta-feira (18), \u00e0s 21h30, no est\u00e1dio Mineir\u00e3o, em Belo Horizonte. Entre as novidades do treino,&nbsp;o volante Rezende permanece&nbsp;em processo de recupera\u00e7\u00e3o [&hellip;]<\/p>\n","protected":false},"author":2,"featured_media":11829,"comment_status":"open","ping_status":"open","sticky":false,"template":"","format":"standard","meta":{"footnotes":""},"categories":[89],"tags":[],"class_list":["post-11828","post","type-post","status-publish","format-standard","has-post-thumbnail","hentry","category-esportes"],"_links":{"self":[{"href":"https:\/\/diabahia.com.br\/index.php\/wp-json\/wp\/v2\/posts\/11828","targetHints":{"allow":["GET"]}}],"collection":[{"href":"https:\/\/diabahia.com.br\/index.php\/wp-json\/wp\/v2\/posts"}],"about":[{"href":"https:\/\/diabahia.com.br\/index.php\/wp-json\/wp\/v2\/types\/post"}],"author":[{"embeddable":true,"href":"https:\/\/diabahia.com.br\/index.php\/wp-json\/wp\/v2\/users\/2"}],"replies":[{"embeddable":true,"href":"https:\/\/diabahia.com.br\/index.php\/wp-json\/wp\/v2\/comments?post=11828"}],"version-history":[{"count":0,"href":"https:\/\/diabahia.com.br\/index.php\/wp-json\/wp\/v2\/posts\/11828\/revisions"}],"wp:featuredmedia":[{"embeddable":true,"href":"https:\/\/diabahia.com.br\/index.php\/wp-json\/wp\/v2\/media\/11829"}],"wp:attachment":[{"href":"https:\/\/diabahia.com.br\/index.php\/wp-json\/wp\/v2\/media?parent=11828"}],"wp:term":[{"taxonomy":"category","embeddable":true,"href":"https:\/\/diabahia.com.br\/index.php\/wp-json\/wp\/v2\/categories?post=11828"},{"taxonomy":"post_tag","embeddable":true,"href":"https:\/\/diabahia.com.br\/index.php\/wp-json\/wp\/v2\/tags?post=11828"}],"curies":[{"name":"wp","href":"https:\/\/api.w.org\/{rel}","templated":true}]}}