{"id":11769,"date":"2024-10-08T15:12:23","date_gmt":"2024-10-08T18:12:23","guid":{"rendered":"https:\/\/diabahia.com.br\/?p=11769"},"modified":"2024-10-08T15:12:24","modified_gmt":"2024-10-08T18:12:24","slug":"menino-de-11-anos-que-estava-desaparecido-e-encontrado-na-barra","status":"publish","type":"post","link":"https:\/\/diabahia.com.br\/index.php\/2024\/10\/08\/menino-de-11-anos-que-estava-desaparecido-e-encontrado-na-barra\/","title":{"rendered":"Menino de 11 anos que estava desaparecido \u00e9 encontrado na Barra"},"content":{"rendered":"\n<p>Uma crian\u00e7a de 11 anos, que teve o desaparecimento divulgado pela Pol\u00edcia Civil no Amber Alert Brasil, foi encontrada em menos 12 horas. Uma equipe da Delegacia de Prote\u00e7\u00e3o \u00e0 Pessoa (DPP) visualizou imagens da regi\u00e3o da Barra e localizou o garoto.<\/p>\n\n\n\n<p>Segundo a titular da DPP, Ana Cristina Santos Silva de Carvalho, a crian\u00e7a saiu de casa e foi para o Farol da Barra. \u201cFizemos o levanto de c\u00e2meras na regi\u00e3o e tivemos \u00eaxito na miss\u00e3o, na manh\u00e3 desta ter\u00e7a-feira, 8\u201d, informou.<\/p>\n\n\n\n<p>A crian\u00e7a tamb\u00e9m foi a primeira desaparecida a ser inserida no Projeto Amber Alert Brasil, que \u00e9 um acordo de coopera\u00e7\u00e3o entre o Minist\u00e9rio da Justi\u00e7a e Seguran\u00e7a P\u00fablica (MJSP) com a empresa de tecnologia social Meta, que tem como objetivo auxiliar na localiza\u00e7\u00e3o de crian\u00e7as e adolescentes em situa\u00e7\u00e3o de risco.<\/p>\n\n\n\n<p>A tecnologia permite a realiza\u00e7\u00e3o de alertas, contendo informa\u00e7\u00f5es de crian\u00e7as ou adolescentes desaparecidos e em situa\u00e7\u00e3o de risco iminente de les\u00e3o corporal grave ou morte, ocorridos no prazo m\u00e1ximo de 72 horas.<\/p>\n\n\n\n<p>Os informes s\u00e3o repassados pelas redes sociais Facebook e Instagram, por meio do feed &#8211; publica\u00e7\u00f5es sugeridas &#8211; para as pessoas com perfis nessas plataformas digitais, num raio aproximado de 160 km de dist\u00e2ncia do local onde foi vista pela \u00faltima vez.<\/p>\n\n\n\n<p>Fonte: A Tarde <\/p>\n","protected":false},"excerpt":{"rendered":"<p>Uma crian\u00e7a de 11 anos, que teve o desaparecimento divulgado pela Pol\u00edcia Civil no Amber Alert Brasil, foi encontrada em menos 12 horas. Uma equipe da Delegacia de Prote\u00e7\u00e3o \u00e0 Pessoa (DPP) visualizou imagens da regi\u00e3o da Barra e localizou o garoto. Segundo a titular da DPP, Ana Cristina Santos Silva de Carvalho, a crian\u00e7a [&hellip;]<\/p>\n","protected":false},"author":2,"featured_media":11770,"comment_status":"open","ping_status":"open","sticky":false,"template":"","format":"standard","meta":{"footnotes":""},"categories":[105],"tags":[],"class_list":["post-11769","post","type-post","status-publish","format-standard","has-post-thumbnail","hentry","category-policia"],"_links":{"self":[{"href":"https:\/\/diabahia.com.br\/index.php\/wp-json\/wp\/v2\/posts\/11769","targetHints":{"allow":["GET"]}}],"collection":[{"href":"https:\/\/diabahia.com.br\/index.php\/wp-json\/wp\/v2\/posts"}],"about":[{"href":"https:\/\/diabahia.com.br\/index.php\/wp-json\/wp\/v2\/types\/post"}],"author":[{"embeddable":true,"href":"https:\/\/diabahia.com.br\/index.php\/wp-json\/wp\/v2\/users\/2"}],"replies":[{"embeddable":true,"href":"https:\/\/diabahia.com.br\/index.php\/wp-json\/wp\/v2\/comments?post=11769"}],"version-history":[{"count":0,"href":"https:\/\/diabahia.com.br\/index.php\/wp-json\/wp\/v2\/posts\/11769\/revisions"}],"wp:featuredmedia":[{"embeddable":true,"href":"https:\/\/diabahia.com.br\/index.php\/wp-json\/wp\/v2\/media\/11770"}],"wp:attachment":[{"href":"https:\/\/diabahia.com.br\/index.php\/wp-json\/wp\/v2\/media?parent=11769"}],"wp:term":[{"taxonomy":"category","embeddable":true,"href":"https:\/\/diabahia.com.br\/index.php\/wp-json\/wp\/v2\/categories?post=11769"},{"taxonomy":"post_tag","embeddable":true,"href":"https:\/\/diabahia.com.br\/index.php\/wp-json\/wp\/v2\/tags?post=11769"}],"curies":[{"name":"wp","href":"https:\/\/api.w.org\/{rel}","templated":true}]}}