{"id":11608,"date":"2024-09-25T11:20:13","date_gmt":"2024-09-25T14:20:13","guid":{"rendered":"https:\/\/diabahia.com.br\/?p=11608"},"modified":"2024-09-25T11:20:15","modified_gmt":"2024-09-25T14:20:15","slug":"carnaval-nao-se-estabelece-circuito-por-decreto-diz-secretario","status":"publish","type":"post","link":"https:\/\/diabahia.com.br\/index.php\/2024\/09\/25\/carnaval-nao-se-estabelece-circuito-por-decreto-diz-secretario\/","title":{"rendered":"Carnaval: \u201cN\u00e3o se estabelece circuito por decreto\u201d, diz secret\u00e1rio"},"content":{"rendered":"\n<p>A cria\u00e7\u00e3o de um novo circuito para o&nbsp;Carnaval de Salvador&nbsp;na orla da Boca do Rio&nbsp;foi descartada, pelo menos para a edi\u00e7\u00e3o de 2025,&nbsp;segundo o presidente da Empresa Salvador Turismo (Saltur),&nbsp;Isaac Edington. No entanto, a discuss\u00e3o sobre a possibilidade de novos locais para as festas pr\u00e9-carnaval segue aberta. <\/p>\n\n\n\n<p>Em entrevista o secret\u00e1rio municipal de Cultura e Turismo,&nbsp;Pedro Tourinho, afirmou que a prefeitura est\u00e1 discutindo como organizar melhor as festas de rua e de pr\u00e9-carnaval. <\/p>\n\n\n\n<p>\u201cPor exemplo, o Banho de Mar \u00e0 Fantasia \u00e9 uma festa gigante que acontece na rua. Palha\u00e7os do Rio Vermelho \u00e9 um evento gigantesco que acontece no Rio Vermelho. Com o carnaval do Santo Ant\u00f4nio Al\u00e9m do Carmo a gente fez um grande papel em organizar ele esse ano, mudando hor\u00e1rio, estabelecendo limite de equipamentos sonoros e tudo funcionou muito bem\u201d, pontuou.<\/p>\n\n\n\n<p>De acordo com ele, o pr\u00e9-carnaval vai crescer e demandar da gest\u00e3o uma estrutura\u00e7\u00e3o grande para isso e \u201cvis\u00e3o de circuitos pr\u00e9-carnaval ou de \u00e1reas que isso funcione melhor\u201d.<\/p>\n\n\n\n<p><strong>Carnaval vai acabar?<\/strong><\/p>\n\n\n\n<p>O s\u00f3cio-diretor da Join Entretenimento, F\u00e1bio Almeida, fez uma declara\u00e7\u00e3o impactante recentemente: o Carnaval de Salvador, que h\u00e1 d\u00e9cadas atrai milh\u00f5es de baianos e turistas, est\u00e1 com os dias contados. Segundo o empres\u00e1rio, o evento, um dos maiores do mundo,&nbsp;deixar\u00e1 de existir em 10 anos.<\/p>\n\n\n\n<p>Na avalia\u00e7\u00e3o de Tourinho, isso n\u00e3o vai acontecer porque o carnaval se transforma muito. \u201c\u00c9 s\u00f3 ver os pap\u00e9is que tinham os blocos de ax\u00e9 h\u00e1 10 anos. Para quem tinha um bloco de corda como era antes o carnaval acabou. Agora tem outros. Os blocos afro est\u00e3o a\u00ed h\u00e1 50 anos e, mesmo com toda dificuldade e resist\u00eancia, \u00e9 uma coisa perene no nosso carnaval\u201d, enfatizou. <\/p>\n\n\n\n<p>O gestor finalizou: \u201cEst\u00e1 longe do carnaval acabar. \u00c9 muito natural que ele se transforme e essa transforma\u00e7\u00e3o vai ser feita, sobretudo, pelo foli\u00e3o. A gente est\u00e1 vendo o carnaval crescer. Temos hoje circuitos mais equilibrados, o pr\u00e9-carnaval de Salvador est\u00e1 crescendo tamb\u00e9m\u201d.<\/p>\n\n\n\n<p>Fonte: A Tarde <\/p>\n","protected":false},"excerpt":{"rendered":"<p>A cria\u00e7\u00e3o de um novo circuito para o&nbsp;Carnaval de Salvador&nbsp;na orla da Boca do Rio&nbsp;foi descartada, pelo menos para a edi\u00e7\u00e3o de 2025,&nbsp;segundo o presidente da Empresa Salvador Turismo (Saltur),&nbsp;Isaac Edington. No entanto, a discuss\u00e3o sobre a possibilidade de novos locais para as festas pr\u00e9-carnaval segue aberta. Em entrevista o secret\u00e1rio municipal de Cultura e [&hellip;]<\/p>\n","protected":false},"author":2,"featured_media":11609,"comment_status":"open","ping_status":"open","sticky":false,"template":"","format":"standard","meta":{"footnotes":""},"categories":[85],"tags":[],"class_list":["post-11608","post","type-post","status-publish","format-standard","has-post-thumbnail","hentry","category-noticias"],"_links":{"self":[{"href":"https:\/\/diabahia.com.br\/index.php\/wp-json\/wp\/v2\/posts\/11608","targetHints":{"allow":["GET"]}}],"collection":[{"href":"https:\/\/diabahia.com.br\/index.php\/wp-json\/wp\/v2\/posts"}],"about":[{"href":"https:\/\/diabahia.com.br\/index.php\/wp-json\/wp\/v2\/types\/post"}],"author":[{"embeddable":true,"href":"https:\/\/diabahia.com.br\/index.php\/wp-json\/wp\/v2\/users\/2"}],"replies":[{"embeddable":true,"href":"https:\/\/diabahia.com.br\/index.php\/wp-json\/wp\/v2\/comments?post=11608"}],"version-history":[{"count":0,"href":"https:\/\/diabahia.com.br\/index.php\/wp-json\/wp\/v2\/posts\/11608\/revisions"}],"wp:featuredmedia":[{"embeddable":true,"href":"https:\/\/diabahia.com.br\/index.php\/wp-json\/wp\/v2\/media\/11609"}],"wp:attachment":[{"href":"https:\/\/diabahia.com.br\/index.php\/wp-json\/wp\/v2\/media?parent=11608"}],"wp:term":[{"taxonomy":"category","embeddable":true,"href":"https:\/\/diabahia.com.br\/index.php\/wp-json\/wp\/v2\/categories?post=11608"},{"taxonomy":"post_tag","embeddable":true,"href":"https:\/\/diabahia.com.br\/index.php\/wp-json\/wp\/v2\/tags?post=11608"}],"curies":[{"name":"wp","href":"https:\/\/api.w.org\/{rel}","templated":true}]}}