{"id":11539,"date":"2024-09-16T10:59:27","date_gmt":"2024-09-16T13:59:27","guid":{"rendered":"https:\/\/diabahia.com.br\/?p=11539"},"modified":"2024-09-16T10:59:29","modified_gmt":"2024-09-16T13:59:29","slug":"ceni-exalta-sonho-de-libertadores-vamos-tentar-viver-mais-isso","status":"publish","type":"post","link":"https:\/\/diabahia.com.br\/index.php\/2024\/09\/16\/ceni-exalta-sonho-de-libertadores-vamos-tentar-viver-mais-isso\/","title":{"rendered":"Ceni exalta sonho de Libertadores: &#8220;Vamos tentar viver mais isso&#8221;"},"content":{"rendered":"\n<p>O Bahia conquistou uma vit\u00f3ria importante por 3 a 0 sobre o Atl\u00e9tico-MG neste domingo, ap\u00f3s um per\u00edodo turbulento. A partida, realizada na Arena Fonte Nova, marcou o fim de um jejum de quatro jogos sem triunfos e garantiu o retorno do Tricolor ao G-6 do Campeonato Brasileiro.<\/p>\n\n\n\n<p>O t\u00e9cnico Rog\u00e9rio Ceni, que havia enfrentado cr\u00edticas ap\u00f3s a elimina\u00e7\u00e3o na Copa do Brasil para o Flamengo, optou por manter a mesma forma\u00e7\u00e3o titular, que respondeu positivamente em campo. Em entrevista coletiva, Ceni destacou a import\u00e2ncia da vit\u00f3ria e do esfor\u00e7o cont\u00ednuo da equipe. &#8220;<em>Torcedor tem que entender que os mesmos 11 que n\u00e3o foram bem contra o Flamengo hoje deram uma resposta positiva no jogo<\/em>&#8220;, afirmou.<\/p>\n\n\n\n<p>Ceni ressaltou que seu maior sonho \u00e9 ver o Bahia participar da Libertadores. &#8220;<em>Meu foco quando comecei nesse trabalho \u00e9 que o Bahia consiga o que conseguiu h\u00e1 35 anos. Maior sonho que tenho \u00e9 ver esse est\u00e1dio em um jogo de Libertadores numa quarta-feira<\/em>&#8220;, disse o treinador.<\/p>\n\n\n\n<p>O treinador tamb\u00e9m elogiou a for\u00e7a mental de seus jogadores e a import\u00e2ncia da vit\u00f3ria em um confronto direto na briga pelo G-6. &#8220;<em>Dou muito valor a isso. A maioria das equipes ainda tem uma semana livre para treinar, e temos que manter nosso objetivo. \u00c0s vezes \u00e9 dif\u00edcil manter o foco, mas \u00e9 essencial<\/em>&#8220;, explicou Ceni.<\/p>\n\n\n\n<p>Al\u00e9m disso, Ceni comentou sobre as cr\u00edticas recentes e elogiou o desempenho de Everton Ribeiro, que marcou um dos gols e teve uma atua\u00e7\u00e3o destacada. &#8220;<em>Everton \u00e9 um prazer ver jogar. Fiquei muito satisfeito com sua atua\u00e7\u00e3o e com o que entregou em campo<\/em>&#8220;, disse o t\u00e9cnico.<\/p>\n\n\n\n<p>O treinador tamb\u00e9m abordou a necessidade de melhorar o desempenho da equipe ap\u00f3s a elimina\u00e7\u00e3o da Copa do Brasil, afirmando que o time est\u00e1 ciente das suas defici\u00eancias e trabalhando para aprimorar seu jogo. &#8220;<em>O que esse time produz \u00e9 fruto de um trabalho de oito meses. Vamos tentar desfrutar mais esse momento e manter nosso foco para os pr\u00f3ximos 12 jogos<\/em>&#8220;, afirmou.<\/p>\n\n\n\n<p>Ceni destacou que a vit\u00f3ria sobre o Atl\u00e9tico-MG foi um reflexo do trabalho \u00e1rduo da equipe e pediu ao torcedor que continue apoiando o time, apesar das adversidades. &#8220;<em>Torcedor, acredite, n\u00e3o desanime. Vamos lutar at\u00e9 o final para colocar o Bahia no lugar mais alto nos \u00faltimos 21 anos do Brasileiro<\/em>&#8220;, pediu o treinador.<\/p>\n\n\n\n<p>Rog\u00e9rio Ceni, conhecido por seu estilo de trabalho e convic\u00e7\u00f5es, finalizou sua coletiva refletindo sobre o esfor\u00e7o necess\u00e1rio para alcan\u00e7ar os objetivos e a import\u00e2ncia de aprender com cada jogo. &#8220;<em>Vamos tentar viver mais isso, e no final do ano faremos um balan\u00e7o do que foi e do que poderia ter sido melhor<\/em>&#8220;, concluiu o treinador.<\/p>\n\n\n\n<p>Com a vit\u00f3ria, o Bahia soma 42 pontos e se posiciona na sexta coloca\u00e7\u00e3o do campeonato. A equipe agora tem a semana livre para se preparar para o pr\u00f3ximo desafio contra o Fortaleza, no Castel\u00e3o, no pr\u00f3ximo s\u00e1bado (21), \u00e0s 21h.<br>&nbsp;<\/p>\n\n\n\n<p>Fonte: Varela Net <\/p>\n","protected":false},"excerpt":{"rendered":"<p>O Bahia conquistou uma vit\u00f3ria importante por 3 a 0 sobre o Atl\u00e9tico-MG neste domingo, ap\u00f3s um per\u00edodo turbulento. A partida, realizada na Arena Fonte Nova, marcou o fim de um jejum de quatro jogos sem triunfos e garantiu o retorno do Tricolor ao G-6 do Campeonato Brasileiro. O t\u00e9cnico Rog\u00e9rio Ceni, que havia enfrentado [&hellip;]<\/p>\n","protected":false},"author":2,"featured_media":11540,"comment_status":"open","ping_status":"open","sticky":false,"template":"","format":"standard","meta":{"footnotes":""},"categories":[89],"tags":[],"class_list":["post-11539","post","type-post","status-publish","format-standard","has-post-thumbnail","hentry","category-esportes"],"_links":{"self":[{"href":"https:\/\/diabahia.com.br\/index.php\/wp-json\/wp\/v2\/posts\/11539","targetHints":{"allow":["GET"]}}],"collection":[{"href":"https:\/\/diabahia.com.br\/index.php\/wp-json\/wp\/v2\/posts"}],"about":[{"href":"https:\/\/diabahia.com.br\/index.php\/wp-json\/wp\/v2\/types\/post"}],"author":[{"embeddable":true,"href":"https:\/\/diabahia.com.br\/index.php\/wp-json\/wp\/v2\/users\/2"}],"replies":[{"embeddable":true,"href":"https:\/\/diabahia.com.br\/index.php\/wp-json\/wp\/v2\/comments?post=11539"}],"version-history":[{"count":0,"href":"https:\/\/diabahia.com.br\/index.php\/wp-json\/wp\/v2\/posts\/11539\/revisions"}],"wp:featuredmedia":[{"embeddable":true,"href":"https:\/\/diabahia.com.br\/index.php\/wp-json\/wp\/v2\/media\/11540"}],"wp:attachment":[{"href":"https:\/\/diabahia.com.br\/index.php\/wp-json\/wp\/v2\/media?parent=11539"}],"wp:term":[{"taxonomy":"category","embeddable":true,"href":"https:\/\/diabahia.com.br\/index.php\/wp-json\/wp\/v2\/categories?post=11539"},{"taxonomy":"post_tag","embeddable":true,"href":"https:\/\/diabahia.com.br\/index.php\/wp-json\/wp\/v2\/tags?post=11539"}],"curies":[{"name":"wp","href":"https:\/\/api.w.org\/{rel}","templated":true}]}}