{"id":11533,"date":"2024-09-16T10:54:35","date_gmt":"2024-09-16T13:54:35","guid":{"rendered":"https:\/\/diabahia.com.br\/?p=11533"},"modified":"2024-09-16T10:54:37","modified_gmt":"2024-09-16T13:54:37","slug":"camera-registra-acao-dos-suspeitos-de-roubar-motorista-por-aplicativo","status":"publish","type":"post","link":"https:\/\/diabahia.com.br\/index.php\/2024\/09\/16\/camera-registra-acao-dos-suspeitos-de-roubar-motorista-por-aplicativo\/","title":{"rendered":"C\u00e2mera registra a\u00e7\u00e3o dos suspeitos de roubar motorista por aplicativo"},"content":{"rendered":"\n<p>Na madrugada deste s\u00e1bado (14), um motorista por aplicativo foi v\u00edtima de roubo no bairro Jardim das Margaridas, em Salvador. Durante a corrida, que come\u00e7ou no Largo do Abaet\u00e9 e tinha o Jardim das Margaridas como destino, dois homens armados renderam o motorista, levando seu carro, celular e cart\u00f5es de cr\u00e9dito. O crime foi registrado por uma c\u00e2mera de seguran\u00e7a instalada no ve\u00edculo, mostrando a a\u00e7\u00e3o dos suspeitos.<\/p>\n\n\n\n<p>O motorista relatou que, ap\u00f3s parar o carro conforme solicitado pelos criminosos, foi for\u00e7ado a sair do ve\u00edculo enquanto um dos assaltantes o xingava e roubava seus pertences. &#8220;<em>Eles mandaram eu descer do carro e levaram meu rel\u00f3gio. Nem minha sand\u00e1lia queriam deixar eu ficar<\/em>&#8220;, disse a v\u00edtima. O carro foi encontrado abandonado na manh\u00e3 seguinte em Lauro de Freitas, na Regi\u00e3o Metropolitana de Salvador.<\/p>\n\n\n\n<p>O motorista, que trabalha na profiss\u00e3o h\u00e1 quatro anos e j\u00e1 foi assaltado anteriormente, expressou seu des\u00e2nimo e afirmou que considerar\u00e1 parar de aceitar corridas noturnas devido ao aumento da viol\u00eancia. O caso est\u00e1 sendo investigado pela Delegacia de Repress\u00e3o a Furto e Roubo de Ve\u00edculos, que busca identificar e prender os respons\u00e1veis pelo assalto.<\/p>\n\n\n\n<p>Fonte: Varela Net <\/p>\n","protected":false},"excerpt":{"rendered":"<p>Na madrugada deste s\u00e1bado (14), um motorista por aplicativo foi v\u00edtima de roubo no bairro Jardim das Margaridas, em Salvador. Durante a corrida, que come\u00e7ou no Largo do Abaet\u00e9 e tinha o Jardim das Margaridas como destino, dois homens armados renderam o motorista, levando seu carro, celular e cart\u00f5es de cr\u00e9dito. O crime foi registrado [&hellip;]<\/p>\n","protected":false},"author":2,"featured_media":11534,"comment_status":"open","ping_status":"open","sticky":false,"template":"","format":"standard","meta":{"footnotes":""},"categories":[105],"tags":[],"class_list":["post-11533","post","type-post","status-publish","format-standard","has-post-thumbnail","hentry","category-policia"],"_links":{"self":[{"href":"https:\/\/diabahia.com.br\/index.php\/wp-json\/wp\/v2\/posts\/11533","targetHints":{"allow":["GET"]}}],"collection":[{"href":"https:\/\/diabahia.com.br\/index.php\/wp-json\/wp\/v2\/posts"}],"about":[{"href":"https:\/\/diabahia.com.br\/index.php\/wp-json\/wp\/v2\/types\/post"}],"author":[{"embeddable":true,"href":"https:\/\/diabahia.com.br\/index.php\/wp-json\/wp\/v2\/users\/2"}],"replies":[{"embeddable":true,"href":"https:\/\/diabahia.com.br\/index.php\/wp-json\/wp\/v2\/comments?post=11533"}],"version-history":[{"count":0,"href":"https:\/\/diabahia.com.br\/index.php\/wp-json\/wp\/v2\/posts\/11533\/revisions"}],"wp:featuredmedia":[{"embeddable":true,"href":"https:\/\/diabahia.com.br\/index.php\/wp-json\/wp\/v2\/media\/11534"}],"wp:attachment":[{"href":"https:\/\/diabahia.com.br\/index.php\/wp-json\/wp\/v2\/media?parent=11533"}],"wp:term":[{"taxonomy":"category","embeddable":true,"href":"https:\/\/diabahia.com.br\/index.php\/wp-json\/wp\/v2\/categories?post=11533"},{"taxonomy":"post_tag","embeddable":true,"href":"https:\/\/diabahia.com.br\/index.php\/wp-json\/wp\/v2\/tags?post=11533"}],"curies":[{"name":"wp","href":"https:\/\/api.w.org\/{rel}","templated":true}]}}