{"id":11362,"date":"2024-08-29T15:22:34","date_gmt":"2024-08-29T18:22:34","guid":{"rendered":"https:\/\/diabahia.com.br\/?p=11362"},"modified":"2024-08-29T15:22:36","modified_gmt":"2024-08-29T18:22:36","slug":"investigacoes-apontam-que-turistas-sumidos-teriam-sido-sequestrados","status":"publish","type":"post","link":"https:\/\/diabahia.com.br\/index.php\/2024\/08\/29\/investigacoes-apontam-que-turistas-sumidos-teriam-sido-sequestrados\/","title":{"rendered":"Investiga\u00e7\u00f5es apontam que turistas sumidos teriam sido sequestrados"},"content":{"rendered":"\n<p>A pol\u00edcia suspeita que os&nbsp;dois turistas paulistas desaparecidos h\u00e1 cinco dias em Eun\u00e1polis, no extremo sul da Bahia, tenham sido sequestrados. Nesta quinta-feira, 29, um dos suspeitos foi morto e o outro preso durante um confronto com a pol\u00edcia na cidade.<\/p>\n\n\n\n<p>Os turistas Vitor Benites Teixeira e Lucas Ferreira de Sousa sumiram na noite de s\u00e1bado (24), depois de deixarem um bar na Avenida Norte Sul, em Eun\u00e1polis.<\/p>\n\n\n\n<p>Quatro dias depois, na quarta-feira (28), o carro que os turistas usavam foi encontrado completamente queimado em uma \u00e1rea de mata. O ve\u00edculo havia sido alugado pouco antes da chegada dos turistas na Bahia. <\/p>\n\n\n\n<p>Fonte: A Tarde <\/p>\n","protected":false},"excerpt":{"rendered":"<p>A pol\u00edcia suspeita que os&nbsp;dois turistas paulistas desaparecidos h\u00e1 cinco dias em Eun\u00e1polis, no extremo sul da Bahia, tenham sido sequestrados. Nesta quinta-feira, 29, um dos suspeitos foi morto e o outro preso durante um confronto com a pol\u00edcia na cidade. Os turistas Vitor Benites Teixeira e Lucas Ferreira de Sousa sumiram na noite de [&hellip;]<\/p>\n","protected":false},"author":2,"featured_media":11363,"comment_status":"open","ping_status":"open","sticky":false,"template":"","format":"standard","meta":{"footnotes":""},"categories":[105],"tags":[],"class_list":["post-11362","post","type-post","status-publish","format-standard","has-post-thumbnail","hentry","category-policia"],"_links":{"self":[{"href":"https:\/\/diabahia.com.br\/index.php\/wp-json\/wp\/v2\/posts\/11362","targetHints":{"allow":["GET"]}}],"collection":[{"href":"https:\/\/diabahia.com.br\/index.php\/wp-json\/wp\/v2\/posts"}],"about":[{"href":"https:\/\/diabahia.com.br\/index.php\/wp-json\/wp\/v2\/types\/post"}],"author":[{"embeddable":true,"href":"https:\/\/diabahia.com.br\/index.php\/wp-json\/wp\/v2\/users\/2"}],"replies":[{"embeddable":true,"href":"https:\/\/diabahia.com.br\/index.php\/wp-json\/wp\/v2\/comments?post=11362"}],"version-history":[{"count":0,"href":"https:\/\/diabahia.com.br\/index.php\/wp-json\/wp\/v2\/posts\/11362\/revisions"}],"wp:featuredmedia":[{"embeddable":true,"href":"https:\/\/diabahia.com.br\/index.php\/wp-json\/wp\/v2\/media\/11363"}],"wp:attachment":[{"href":"https:\/\/diabahia.com.br\/index.php\/wp-json\/wp\/v2\/media?parent=11362"}],"wp:term":[{"taxonomy":"category","embeddable":true,"href":"https:\/\/diabahia.com.br\/index.php\/wp-json\/wp\/v2\/categories?post=11362"},{"taxonomy":"post_tag","embeddable":true,"href":"https:\/\/diabahia.com.br\/index.php\/wp-json\/wp\/v2\/tags?post=11362"}],"curies":[{"name":"wp","href":"https:\/\/api.w.org\/{rel}","templated":true}]}}