{"id":11359,"date":"2024-08-29T15:18:21","date_gmt":"2024-08-29T18:18:21","guid":{"rendered":"https:\/\/diabahia.com.br\/?p=11359"},"modified":"2024-08-29T15:18:22","modified_gmt":"2024-08-29T18:18:22","slug":"policial-saca-arma-em-bar-apos-levar-nao-de-mulher","status":"publish","type":"post","link":"https:\/\/diabahia.com.br\/index.php\/2024\/08\/29\/policial-saca-arma-em-bar-apos-levar-nao-de-mulher\/","title":{"rendered":"Policial saca arma em bar ap\u00f3s levar \u201cn\u00e3o\u201d de mulher"},"content":{"rendered":"\n<p>Um policial penal foi flagrado sacando e apontando uma arma contra clientes e seguran\u00e7as de um bar, no Distrito Federal. Testemunhas contaram que o homem teria puxado a arma, ap\u00f3s se irritar por uma mulher ter recusado dan\u00e7ar com ele.<\/p>\n\n\n\n<p>De acordo com informa\u00e7\u00f5es do site Metr\u00f3poles, as testemunhas relataram que o homem teria pego a m\u00e3o de uma mulher e colocado na cintura dele, mostrando que estava armado, e se dizendo policial. Antes disso, ele j\u00e1 teria apontado a arma para outros clientes. Com a situa\u00e7\u00e3o, os seguran\u00e7as do estabelecimento foram chamados.<\/p>\n\n\n\n<p>Em depoimento \u00e0 pol\u00edcia, o policial penal contou que teria ocorrido uma discuss\u00e3o perto de onde estava, mas que ele n\u00e3o estava envolvido. No momento de ir embora, relatou o policial, um seguran\u00e7a do bar teria o impedido de sair e foi na dire\u00e7\u00e3o dele. Ainda em depoimento, o suspeito contou que, temendo por sua vida, sacou a arma e subiu em uma escada, para que ningu\u00e9m conseguisse lhe tomar a pistola.<\/p>\n\n\n\n<p>Os envolvidos foram levados para a 21\u00aa DP, onde um boletim de ocorr\u00eancia foi registrado. A Pol\u00edcia Civil do Distrito Federal investiga a situa\u00e7\u00e3o como amea\u00e7a.<\/p>\n\n\n\n<p>A Secretaria de Administra\u00e7\u00e3o Penitenci\u00e1ria do Distrito Federal (Seape-DF) informou que instaurou procedimento administrativo para apurar os fatos. Disse ainda que o policial penal envolvido teve a arma retida e que, at\u00e9 a conclus\u00e3o do processo, permanecer\u00e1 desempenhando fun\u00e7\u00f5es administrativas, ficando afastado de atividades que exigem o uso de armamento.<\/p>\n\n\n\n<p>Fonte: A Tarde <\/p>\n","protected":false},"excerpt":{"rendered":"<p>Um policial penal foi flagrado sacando e apontando uma arma contra clientes e seguran\u00e7as de um bar, no Distrito Federal. Testemunhas contaram que o homem teria puxado a arma, ap\u00f3s se irritar por uma mulher ter recusado dan\u00e7ar com ele. De acordo com informa\u00e7\u00f5es do site Metr\u00f3poles, as testemunhas relataram que o homem teria pego [&hellip;]<\/p>\n","protected":false},"author":2,"featured_media":11360,"comment_status":"open","ping_status":"open","sticky":false,"template":"","format":"standard","meta":{"footnotes":""},"categories":[105],"tags":[],"class_list":["post-11359","post","type-post","status-publish","format-standard","has-post-thumbnail","hentry","category-policia"],"_links":{"self":[{"href":"https:\/\/diabahia.com.br\/index.php\/wp-json\/wp\/v2\/posts\/11359","targetHints":{"allow":["GET"]}}],"collection":[{"href":"https:\/\/diabahia.com.br\/index.php\/wp-json\/wp\/v2\/posts"}],"about":[{"href":"https:\/\/diabahia.com.br\/index.php\/wp-json\/wp\/v2\/types\/post"}],"author":[{"embeddable":true,"href":"https:\/\/diabahia.com.br\/index.php\/wp-json\/wp\/v2\/users\/2"}],"replies":[{"embeddable":true,"href":"https:\/\/diabahia.com.br\/index.php\/wp-json\/wp\/v2\/comments?post=11359"}],"version-history":[{"count":0,"href":"https:\/\/diabahia.com.br\/index.php\/wp-json\/wp\/v2\/posts\/11359\/revisions"}],"wp:featuredmedia":[{"embeddable":true,"href":"https:\/\/diabahia.com.br\/index.php\/wp-json\/wp\/v2\/media\/11360"}],"wp:attachment":[{"href":"https:\/\/diabahia.com.br\/index.php\/wp-json\/wp\/v2\/media?parent=11359"}],"wp:term":[{"taxonomy":"category","embeddable":true,"href":"https:\/\/diabahia.com.br\/index.php\/wp-json\/wp\/v2\/categories?post=11359"},{"taxonomy":"post_tag","embeddable":true,"href":"https:\/\/diabahia.com.br\/index.php\/wp-json\/wp\/v2\/tags?post=11359"}],"curies":[{"name":"wp","href":"https:\/\/api.w.org\/{rel}","templated":true}]}}