{"id":11347,"date":"2024-08-29T11:02:20","date_gmt":"2024-08-29T14:02:20","guid":{"rendered":"https:\/\/diabahia.com.br\/?p=11347"},"modified":"2024-08-29T11:02:22","modified_gmt":"2024-08-29T14:02:22","slug":"anvisa-renova-dispensa-de-registro-de-duas-vacinas-contra-mpox-no-brasil","status":"publish","type":"post","link":"https:\/\/diabahia.com.br\/index.php\/2024\/08\/29\/anvisa-renova-dispensa-de-registro-de-duas-vacinas-contra-mpox-no-brasil\/","title":{"rendered":"Anvisa renova dispensa de registro de duas vacinas contra mpox no Brasil"},"content":{"rendered":"\n<p>A Ag\u00eancia Nacional de Vigil\u00e2ncia Sanit\u00e1ria (Anvisa) renovou a dispensa de registro sanit\u00e1rio da vacina Jynneos e da vacina Imvanex, ambas compradas pelo Minist\u00e9rio da Sa\u00fade para preven\u00e7\u00e3o da mpox. Segundo a medida publicada nesta ter\u00e7a-feira (27), no Di\u00e1rio Oficial da Uni\u00e3o, a diretoria colegiada da ag\u00eancia decidiu, por unanimidade, autorizar, em car\u00e1ter excepcional e tempor\u00e1rio, a renova\u00e7\u00e3o da dispensa de registro sanit\u00e1rio das vacinas por um prazo de 180 dias, a contar de 23 de agosto.<\/p>\n\n\n\n<p>A vacina Jynneos \u00e9 produzida pela Bavarian Nordic, na Dinamarca. J\u00e1 a Imvanex \u00e9 fabricada pela IDT Biologika GmbH, na Alemanha. Segundo a Anvisa, ambas as doses se referem a um mesmo produto, com nomenclatura diferente nos Estados Unidos e na Europa.<\/p>\n\n\n\n<p>Na \u00faltima semana, o Centro de Tecnologia de Vacinas (CTVacinas), da Universidade Federal de Minas Gerais (UFMG), informou estar pr\u00f3ximo de iniciar a \u00faltima etapa para o desenvolvimento de uma vacina nacional contra a mpox \u2013 os testes em humanos.<\/p>\n\n\n\n<p>Fonte: Varela Net <\/p>\n","protected":false},"excerpt":{"rendered":"<p>A Ag\u00eancia Nacional de Vigil\u00e2ncia Sanit\u00e1ria (Anvisa) renovou a dispensa de registro sanit\u00e1rio da vacina Jynneos e da vacina Imvanex, ambas compradas pelo Minist\u00e9rio da Sa\u00fade para preven\u00e7\u00e3o da mpox. Segundo a medida publicada nesta ter\u00e7a-feira (27), no Di\u00e1rio Oficial da Uni\u00e3o, a diretoria colegiada da ag\u00eancia decidiu, por unanimidade, autorizar, em car\u00e1ter excepcional e [&hellip;]<\/p>\n","protected":false},"author":2,"featured_media":11348,"comment_status":"open","ping_status":"open","sticky":false,"template":"","format":"standard","meta":{"footnotes":""},"categories":[94],"tags":[],"class_list":["post-11347","post","type-post","status-publish","format-standard","has-post-thumbnail","hentry","category-saude-2"],"_links":{"self":[{"href":"https:\/\/diabahia.com.br\/index.php\/wp-json\/wp\/v2\/posts\/11347","targetHints":{"allow":["GET"]}}],"collection":[{"href":"https:\/\/diabahia.com.br\/index.php\/wp-json\/wp\/v2\/posts"}],"about":[{"href":"https:\/\/diabahia.com.br\/index.php\/wp-json\/wp\/v2\/types\/post"}],"author":[{"embeddable":true,"href":"https:\/\/diabahia.com.br\/index.php\/wp-json\/wp\/v2\/users\/2"}],"replies":[{"embeddable":true,"href":"https:\/\/diabahia.com.br\/index.php\/wp-json\/wp\/v2\/comments?post=11347"}],"version-history":[{"count":0,"href":"https:\/\/diabahia.com.br\/index.php\/wp-json\/wp\/v2\/posts\/11347\/revisions"}],"wp:featuredmedia":[{"embeddable":true,"href":"https:\/\/diabahia.com.br\/index.php\/wp-json\/wp\/v2\/media\/11348"}],"wp:attachment":[{"href":"https:\/\/diabahia.com.br\/index.php\/wp-json\/wp\/v2\/media?parent=11347"}],"wp:term":[{"taxonomy":"category","embeddable":true,"href":"https:\/\/diabahia.com.br\/index.php\/wp-json\/wp\/v2\/categories?post=11347"},{"taxonomy":"post_tag","embeddable":true,"href":"https:\/\/diabahia.com.br\/index.php\/wp-json\/wp\/v2\/tags?post=11347"}],"curies":[{"name":"wp","href":"https:\/\/api.w.org\/{rel}","templated":true}]}}