{"id":11194,"date":"2024-08-21T13:26:19","date_gmt":"2024-08-21T16:26:19","guid":{"rendered":"https:\/\/diabahia.com.br\/?p=11194"},"modified":"2024-08-21T13:26:21","modified_gmt":"2024-08-21T16:26:21","slug":"de-dentro-do-presidio-traficante-processa-felipe-ret-e-cabelinho","status":"publish","type":"post","link":"https:\/\/diabahia.com.br\/index.php\/2024\/08\/21\/de-dentro-do-presidio-traficante-processa-felipe-ret-e-cabelinho\/","title":{"rendered":"De dentro do pres\u00eddio, traficante processa Felipe Ret e Cabelinho"},"content":{"rendered":"\n<p>Os cantores&nbsp;Filipe Ret, MC Maneirinho e&nbsp;MC Cabelinho&nbsp;est\u00e3o sendo processados por Alexander de Jesus Carlos, traficante que est\u00e1 preso desde o ano de 2008 no Pres\u00eddio Gabriel Ferreira de Castilho, o famoso Complexo Penitenci\u00e1rio de Gericin\u00f3 \u2013 Bangu 3. <\/p>\n\n\n\n<p>Segundo a coluna de F\u00e1bia Oliveira, do Metr\u00f3poles, o processo surgiu ap\u00f3s os r\u00e9us terem supostamente utilizado a voz de Alexander, extra\u00edda de um \u00e1udio, em uma m\u00fasica. A Som Livre conseguiu entrar em consenso no que diz respeito ao cantor Filipe Ret. No entanto, a gravadora n\u00e3o se envolveu nas quest\u00f5es relativas a Cabelinho e Maneirinho.<\/p>\n\n\n\n<p>Alexander \u00e9 conhecido como \u201cO Choque\u201d, vulgo utilizado em sua atua\u00e7\u00e3o como l\u00edder do tr\u00e1fico de drogas em Manguinhos. O traficante j\u00e1 foi considerado \u201co traficante mais procurado do Rio\u201d.<\/p>\n\n\n\n<p>Ainda de acordo com a coluna, Alexander chegou a associar sua vida no c\u00e1rcere aos fatos que justificaram o processo. Ele relatou que os danos sofridos com o uso indevido de sua voz n\u00e3o foram pequenos e afirmou que, dentro de uma cela, sofria ao ver um direito seu ser violado, sem poder fazer nada para reverter a situa\u00e7\u00e3o.<\/p>\n\n\n\n<p>O pedido de indeniza\u00e7\u00e3o recaiu apenas sobre Cabelinho e Maneirinho, sem atingir Filipe Ret. O valor solicitado ficou em R$500 mil. O traficante tammb\u00e9m pediu uma liminar no caso e atribuiu \u00e0 causa um valor milion\u00e1rio.<\/p>\n\n\n\n<p>Al\u00e9m disso, conforme a coluna, o preso solicitou a medida liminar para que Filipe Ret forne\u00e7a login e senha de acesso ao Portal Som Livre. O procedimento seria necess\u00e1rio para que o acordo celebrado com o cantor seja cumprido. O acesso permitir\u00e1 que Alexander tenha contato direto com os ganhos obtidos com a pol\u00eamica m\u00fasica.<\/p>\n\n\n\n<p>Deve ser realizada uma audi\u00eancia de concilia\u00e7\u00e3o e o autor deve participar por v\u00eddeo, desde que haja autoriza\u00e7\u00e3o do sistema prisional. O caso deve passar, ainda, por corre\u00e7\u00f5es na peti\u00e7\u00e3o apresentada, a pedido da ju\u00edza do caso.<\/p>\n\n\n\n<p>Fonte: A Tarde <\/p>\n","protected":false},"excerpt":{"rendered":"<p>Os cantores&nbsp;Filipe Ret, MC Maneirinho e&nbsp;MC Cabelinho&nbsp;est\u00e3o sendo processados por Alexander de Jesus Carlos, traficante que est\u00e1 preso desde o ano de 2008 no Pres\u00eddio Gabriel Ferreira de Castilho, o famoso Complexo Penitenci\u00e1rio de Gericin\u00f3 \u2013 Bangu 3. Segundo a coluna de F\u00e1bia Oliveira, do Metr\u00f3poles, o processo surgiu ap\u00f3s os r\u00e9us terem supostamente utilizado [&hellip;]<\/p>\n","protected":false},"author":2,"featured_media":11195,"comment_status":"open","ping_status":"open","sticky":false,"template":"","format":"standard","meta":{"footnotes":""},"categories":[93],"tags":[],"class_list":["post-11194","post","type-post","status-publish","format-standard","has-post-thumbnail","hentry","category-entretenimento"],"_links":{"self":[{"href":"https:\/\/diabahia.com.br\/index.php\/wp-json\/wp\/v2\/posts\/11194","targetHints":{"allow":["GET"]}}],"collection":[{"href":"https:\/\/diabahia.com.br\/index.php\/wp-json\/wp\/v2\/posts"}],"about":[{"href":"https:\/\/diabahia.com.br\/index.php\/wp-json\/wp\/v2\/types\/post"}],"author":[{"embeddable":true,"href":"https:\/\/diabahia.com.br\/index.php\/wp-json\/wp\/v2\/users\/2"}],"replies":[{"embeddable":true,"href":"https:\/\/diabahia.com.br\/index.php\/wp-json\/wp\/v2\/comments?post=11194"}],"version-history":[{"count":0,"href":"https:\/\/diabahia.com.br\/index.php\/wp-json\/wp\/v2\/posts\/11194\/revisions"}],"wp:featuredmedia":[{"embeddable":true,"href":"https:\/\/diabahia.com.br\/index.php\/wp-json\/wp\/v2\/media\/11195"}],"wp:attachment":[{"href":"https:\/\/diabahia.com.br\/index.php\/wp-json\/wp\/v2\/media?parent=11194"}],"wp:term":[{"taxonomy":"category","embeddable":true,"href":"https:\/\/diabahia.com.br\/index.php\/wp-json\/wp\/v2\/categories?post=11194"},{"taxonomy":"post_tag","embeddable":true,"href":"https:\/\/diabahia.com.br\/index.php\/wp-json\/wp\/v2\/tags?post=11194"}],"curies":[{"name":"wp","href":"https:\/\/api.w.org\/{rel}","templated":true}]}}