{"id":11159,"date":"2024-08-21T10:42:39","date_gmt":"2024-08-21T13:42:39","guid":{"rendered":"https:\/\/diabahia.com.br\/?p=11159"},"modified":"2024-08-21T10:42:40","modified_gmt":"2024-08-21T13:42:40","slug":"jeronimo-rodrigues-comenta-sobre-a-polemica-envolvendo-vitoria-e-cruzeiro","status":"publish","type":"post","link":"https:\/\/diabahia.com.br\/index.php\/2024\/08\/21\/jeronimo-rodrigues-comenta-sobre-a-polemica-envolvendo-vitoria-e-cruzeiro\/","title":{"rendered":"Jer\u00f4nimo Rodrigues comenta sobre a pol\u00eamica envolvendo Vit\u00f3ria e Cruzeiro"},"content":{"rendered":"\n<p>O governador da Bahia, Jer\u00f4nimo Rodrigues (PT), comentou sobre a&nbsp; partida entre Vit\u00f3ria e Cruzeiro ocorrida no est\u00e1dio Manoel Barradas (Barrad\u00e3o) na segunda-feira (19). A declara\u00e7\u00e3o de Jer\u00f4nimo foi feita nesta ter\u00e7a-feira (20), durante um evento dedicado \u00e0 entrega de novas ambul\u00e2ncias pela Secretaria de Sa\u00fade (Sesab).<\/p>\n\n\n\n<p>Jer\u00f4nimo, que estava presente no est\u00e1dio, destacou o impacto negativo da expuls\u00e3o do zagueiro Neris ainda no primeiro tempo. Segundo ele, a perda do jogador desestabilizou o time do Vit\u00f3ria e influenciou significativamente o andamento do jogo.&nbsp;<em>&#8220;Eu estava no est\u00e1dio e vimos um bom come\u00e7o, com dois gols. Mas a expuls\u00e3o do zagueiro mudou toda a din\u00e2mica da partida. O Vit\u00f3ria ficou mais defensivo e isso prejudicou muito a equipe. Jogar com um a menos faz toda a diferen\u00e7a,&#8221;&nbsp;<\/em>comentou o governador.<\/p>\n\n\n\n<p>O segundo gol do Cruzeiro, que gerou controv\u00e9rsia devido a um poss\u00edvel toque com a m\u00e3o e um empurr\u00e3o no zagueiro do Vit\u00f3ria, tamb\u00e9m foi abordado por Jer\u00f4nimo. Ele afirmou ter notado as irregularidades durante o lance, mas minimizou a quest\u00e3o.&nbsp;<em>&#8220;Deu para ver claramente a m\u00e3o e o empurr\u00e3o no zagueiro. Foi um lance que poderia ter sido mais bem explorado pelo zagueiro, talvez ele tivesse criado uma pol\u00eamica se tivesse se manifestado mais. Mas \u00e9 um jogo passado, agora \u00e9 paci\u00eancia,&#8221;<\/em>&nbsp;disse Rodrigues.<\/p>\n\n\n\n<p>As observa\u00e7\u00f5es de Jer\u00f4nimo Rodrigues refletem a complexidade e as emo\u00e7\u00f5es envolvidas na partida, enquanto ele tenta colocar os eventos em perspectiva e se concentra em quest\u00f5es mais amplas.<\/p>\n\n\n\n<p>Fonte: Varela Net <\/p>\n","protected":false},"excerpt":{"rendered":"<p>O governador da Bahia, Jer\u00f4nimo Rodrigues (PT), comentou sobre a&nbsp; partida entre Vit\u00f3ria e Cruzeiro ocorrida no est\u00e1dio Manoel Barradas (Barrad\u00e3o) na segunda-feira (19). A declara\u00e7\u00e3o de Jer\u00f4nimo foi feita nesta ter\u00e7a-feira (20), durante um evento dedicado \u00e0 entrega de novas ambul\u00e2ncias pela Secretaria de Sa\u00fade (Sesab). Jer\u00f4nimo, que estava presente no est\u00e1dio, destacou o [&hellip;]<\/p>\n","protected":false},"author":2,"featured_media":11160,"comment_status":"open","ping_status":"open","sticky":false,"template":"","format":"standard","meta":{"footnotes":""},"categories":[89],"tags":[],"class_list":["post-11159","post","type-post","status-publish","format-standard","has-post-thumbnail","hentry","category-esportes"],"_links":{"self":[{"href":"https:\/\/diabahia.com.br\/index.php\/wp-json\/wp\/v2\/posts\/11159","targetHints":{"allow":["GET"]}}],"collection":[{"href":"https:\/\/diabahia.com.br\/index.php\/wp-json\/wp\/v2\/posts"}],"about":[{"href":"https:\/\/diabahia.com.br\/index.php\/wp-json\/wp\/v2\/types\/post"}],"author":[{"embeddable":true,"href":"https:\/\/diabahia.com.br\/index.php\/wp-json\/wp\/v2\/users\/2"}],"replies":[{"embeddable":true,"href":"https:\/\/diabahia.com.br\/index.php\/wp-json\/wp\/v2\/comments?post=11159"}],"version-history":[{"count":0,"href":"https:\/\/diabahia.com.br\/index.php\/wp-json\/wp\/v2\/posts\/11159\/revisions"}],"wp:featuredmedia":[{"embeddable":true,"href":"https:\/\/diabahia.com.br\/index.php\/wp-json\/wp\/v2\/media\/11160"}],"wp:attachment":[{"href":"https:\/\/diabahia.com.br\/index.php\/wp-json\/wp\/v2\/media?parent=11159"}],"wp:term":[{"taxonomy":"category","embeddable":true,"href":"https:\/\/diabahia.com.br\/index.php\/wp-json\/wp\/v2\/categories?post=11159"},{"taxonomy":"post_tag","embeddable":true,"href":"https:\/\/diabahia.com.br\/index.php\/wp-json\/wp\/v2\/tags?post=11159"}],"curies":[{"name":"wp","href":"https:\/\/api.w.org\/{rel}","templated":true}]}}