{"id":11137,"date":"2024-08-20T13:56:15","date_gmt":"2024-08-20T16:56:15","guid":{"rendered":"https:\/\/diabahia.com.br\/?p=11137"},"modified":"2024-08-20T13:56:16","modified_gmt":"2024-08-20T16:56:16","slug":"ex-bahia-anuncia-aposentadoria-aos-37-anos","status":"publish","type":"post","link":"https:\/\/diabahia.com.br\/index.php\/2024\/08\/20\/ex-bahia-anuncia-aposentadoria-aos-37-anos\/","title":{"rendered":"Ex-Bahia anuncia aposentadoria aos 37 Anos"},"content":{"rendered":"\n<p>O atacante Fernand\u00e3o, tratado como um dos pricipais jogadores da d\u00e9cada passada do Bahia, anunciou sua aposentadoria do futebol nesta segunda-feira (19). Aos 37 anos, o jogador fez o an\u00fancio em sua conta no Instagram, onde publicou a mensagem &#8220;<em>THE END\u2026 Obrigado Futebol!!<\/em>&#8220;, acompanhada de uma foto que destaca seus t\u00edtulos, incluindo trof\u00e9us do Campeonato Baiano de 2019 e 2020. Seu \u00faltimo clube foi o Vila Nova-GO, onde atuou at\u00e9 junho deste ano.<\/p>\n\n\n\n<p>Fernand\u00e3o teve duas passagens marcantes pelo Bahia, com destaque para 2013, quando ajudou o time a se manter na S\u00e9rie A com 15 gols marcados, e outra em 2019\/2020. Ap\u00f3s deixar o Bahia em 2020, o atacante teve uma carreira internacional, passando por equipes como Goi\u00e1s, Athl\u00e9tico-PR, Palmeiras e clubes turcos Bursaspor e Fenerbah\u00e7e. Sua trajet\u00f3ria tamb\u00e9m incluiu um per\u00edodo de afastamento devido a um teste de doping positivado enquanto jogava pelo Goi\u00e1s.<\/p>\n\n\n\n<p>Com 92 jogos e 25 gols pelo Bahia, Fernand\u00e3o deixa um legado significativo e \u00e9 lembrado com carinho pelos torcedores e colegas de profiss\u00e3o. Ex-companheiros de equipe, como o goleiro Marcelo Lomba e o lateral Cortez, parabenizaram Fernand\u00e3o pela carreira e desejaram sucesso em seus futuros empreendimentos.&nbsp;<\/p>\n\n\n\n<p>Fonte: Varela Net <\/p>\n","protected":false},"excerpt":{"rendered":"<p>O atacante Fernand\u00e3o, tratado como um dos pricipais jogadores da d\u00e9cada passada do Bahia, anunciou sua aposentadoria do futebol nesta segunda-feira (19). Aos 37 anos, o jogador fez o an\u00fancio em sua conta no Instagram, onde publicou a mensagem &#8220;THE END\u2026 Obrigado Futebol!!&#8220;, acompanhada de uma foto que destaca seus t\u00edtulos, incluindo trof\u00e9us do Campeonato [&hellip;]<\/p>\n","protected":false},"author":2,"featured_media":11138,"comment_status":"open","ping_status":"open","sticky":false,"template":"","format":"standard","meta":{"footnotes":""},"categories":[89],"tags":[],"class_list":["post-11137","post","type-post","status-publish","format-standard","has-post-thumbnail","hentry","category-esportes"],"_links":{"self":[{"href":"https:\/\/diabahia.com.br\/index.php\/wp-json\/wp\/v2\/posts\/11137","targetHints":{"allow":["GET"]}}],"collection":[{"href":"https:\/\/diabahia.com.br\/index.php\/wp-json\/wp\/v2\/posts"}],"about":[{"href":"https:\/\/diabahia.com.br\/index.php\/wp-json\/wp\/v2\/types\/post"}],"author":[{"embeddable":true,"href":"https:\/\/diabahia.com.br\/index.php\/wp-json\/wp\/v2\/users\/2"}],"replies":[{"embeddable":true,"href":"https:\/\/diabahia.com.br\/index.php\/wp-json\/wp\/v2\/comments?post=11137"}],"version-history":[{"count":0,"href":"https:\/\/diabahia.com.br\/index.php\/wp-json\/wp\/v2\/posts\/11137\/revisions"}],"wp:featuredmedia":[{"embeddable":true,"href":"https:\/\/diabahia.com.br\/index.php\/wp-json\/wp\/v2\/media\/11138"}],"wp:attachment":[{"href":"https:\/\/diabahia.com.br\/index.php\/wp-json\/wp\/v2\/media?parent=11137"}],"wp:term":[{"taxonomy":"category","embeddable":true,"href":"https:\/\/diabahia.com.br\/index.php\/wp-json\/wp\/v2\/categories?post=11137"},{"taxonomy":"post_tag","embeddable":true,"href":"https:\/\/diabahia.com.br\/index.php\/wp-json\/wp\/v2\/tags?post=11137"}],"curies":[{"name":"wp","href":"https:\/\/api.w.org\/{rel}","templated":true}]}}