{"id":11127,"date":"2024-08-19T10:42:17","date_gmt":"2024-08-19T13:42:17","guid":{"rendered":"https:\/\/diabahia.com.br\/?p=11127"},"modified":"2024-08-19T10:42:18","modified_gmt":"2024-08-19T13:42:18","slug":"ninguem-esta-agoniado-aqui-diz-neto-sobre-as-eleicoes-de-2026","status":"publish","type":"post","link":"https:\/\/diabahia.com.br\/index.php\/2024\/08\/19\/ninguem-esta-agoniado-aqui-diz-neto-sobre-as-eleicoes-de-2026\/","title":{"rendered":"\u201cNingu\u00e9m est\u00e1 agoniado aqui\u201d diz Neto sobre as elei\u00e7\u00f5es de 2026"},"content":{"rendered":"\n<p>O ex-prefeito de Salvador, ACM Neto, falou nesta sexta-feira (16), durante a inaugura\u00e7\u00e3o do comit\u00ea de campanha de Bruno Reis, sobre a possibilidade de concorrer nas elei\u00e7\u00f5es para governador no ano de 2026.<\/p>\n\n\n\n<p>\u201c2026 \u00e9 2026, a gente fala depois. Agora o foco \u00e9 2024. Mas, sem d\u00favida alguma, contar com o prefeito de Salvador dentro de um grupo pol\u00edtico, dentro de um ambiente pol\u00edtico, d\u00e1 g\u00e1s e combust\u00edvel para a gente pensar em 2026. S\u00f3 que, n\u00e3o vamos passar os carros na frente dos bois, tudo \u00e9 no seu tempo. Ningu\u00e9m est\u00e1 agoniado aqui. N\u00e3o existe candidatura estadual nesse momento, o que existe \u00e9 elei\u00e7\u00e3o para prefeitos e vereadores. Esse ser\u00e1 o foco para Salvador e para os interiores\u201d, disse ACM Neto.<\/p>\n\n\n\n<p>Fonte: Varela Net <\/p>\n","protected":false},"excerpt":{"rendered":"<p>O ex-prefeito de Salvador, ACM Neto, falou nesta sexta-feira (16), durante a inaugura\u00e7\u00e3o do comit\u00ea de campanha de Bruno Reis, sobre a possibilidade de concorrer nas elei\u00e7\u00f5es para governador no ano de 2026. \u201c2026 \u00e9 2026, a gente fala depois. Agora o foco \u00e9 2024. Mas, sem d\u00favida alguma, contar com o prefeito de Salvador [&hellip;]<\/p>\n","protected":false},"author":2,"featured_media":11128,"comment_status":"open","ping_status":"open","sticky":false,"template":"","format":"standard","meta":{"footnotes":""},"categories":[91],"tags":[],"class_list":["post-11127","post","type-post","status-publish","format-standard","has-post-thumbnail","hentry","category-politica"],"_links":{"self":[{"href":"https:\/\/diabahia.com.br\/index.php\/wp-json\/wp\/v2\/posts\/11127","targetHints":{"allow":["GET"]}}],"collection":[{"href":"https:\/\/diabahia.com.br\/index.php\/wp-json\/wp\/v2\/posts"}],"about":[{"href":"https:\/\/diabahia.com.br\/index.php\/wp-json\/wp\/v2\/types\/post"}],"author":[{"embeddable":true,"href":"https:\/\/diabahia.com.br\/index.php\/wp-json\/wp\/v2\/users\/2"}],"replies":[{"embeddable":true,"href":"https:\/\/diabahia.com.br\/index.php\/wp-json\/wp\/v2\/comments?post=11127"}],"version-history":[{"count":0,"href":"https:\/\/diabahia.com.br\/index.php\/wp-json\/wp\/v2\/posts\/11127\/revisions"}],"wp:featuredmedia":[{"embeddable":true,"href":"https:\/\/diabahia.com.br\/index.php\/wp-json\/wp\/v2\/media\/11128"}],"wp:attachment":[{"href":"https:\/\/diabahia.com.br\/index.php\/wp-json\/wp\/v2\/media?parent=11127"}],"wp:term":[{"taxonomy":"category","embeddable":true,"href":"https:\/\/diabahia.com.br\/index.php\/wp-json\/wp\/v2\/categories?post=11127"},{"taxonomy":"post_tag","embeddable":true,"href":"https:\/\/diabahia.com.br\/index.php\/wp-json\/wp\/v2\/tags?post=11127"}],"curies":[{"name":"wp","href":"https:\/\/api.w.org\/{rel}","templated":true}]}}