{"id":11106,"date":"2024-08-16T11:20:50","date_gmt":"2024-08-16T14:20:50","guid":{"rendered":"https:\/\/diabahia.com.br\/?p=11106"},"modified":"2024-08-16T11:20:52","modified_gmt":"2024-08-16T14:20:52","slug":"suspeito-de-homicidio-e-preso-em-feira-de-santana","status":"publish","type":"post","link":"https:\/\/diabahia.com.br\/index.php\/2024\/08\/16\/suspeito-de-homicidio-e-preso-em-feira-de-santana\/","title":{"rendered":"Suspeito de homic\u00eddio \u00e9 preso em Feira de Santana"},"content":{"rendered":"\n<p>Na \u00faltima quarta-feira (14), um homem suspeito de homic\u00eddio foi preso em Feira de Santana, ap\u00f3s um cumprimento de mandado. A pris\u00e3o ocorreu no bairro Gabriela. Uma pistola calibre 380 com 15 muni\u00e7\u00f5es intactas foram apreendidas com o suspeito.<\/p>\n\n\n\n<p>No decorrer do depoimento, o suspeito confessou a autoria do homic\u00eddio e informou a motiva\u00e7\u00e3o. \u201cO suspeito disse que dias antes do crime estava em uma oficina para consertar a sua motocicleta e, em dado momento, Jos\u00e9 Felipe passou a tirar fotos do ve\u00edculo, dando a entender que estava lhe monitorando. Houve um desentendimento entre eles, o homem pegou o celular da v\u00edtima e dias depois o matou\u201d, destacou o titular da DH de Feira de Santana, delegado Gustavo Coutinho.&nbsp;<\/p>\n\n\n\n<p>Atrav\u00e9s de imagens de c\u00e2meras de seguran\u00e7a e de uma pe\u00e7a da motocicleta do suspeito que caiu durante a fuga, equipes da unidade especializada identificaram o ve\u00edculo usado no crime, confirmando a autoria. O homem ser\u00e1 encaminhado para o Conjunto Penal de Feira de Santana, onde permanecer\u00e1 \u00e0 disposi\u00e7\u00e3o da Justi\u00e7a.<\/p>\n\n\n\n<p>Fonte: Varela Net <\/p>\n","protected":false},"excerpt":{"rendered":"<p>Na \u00faltima quarta-feira (14), um homem suspeito de homic\u00eddio foi preso em Feira de Santana, ap\u00f3s um cumprimento de mandado. A pris\u00e3o ocorreu no bairro Gabriela. Uma pistola calibre 380 com 15 muni\u00e7\u00f5es intactas foram apreendidas com o suspeito. No decorrer do depoimento, o suspeito confessou a autoria do homic\u00eddio e informou a motiva\u00e7\u00e3o. \u201cO [&hellip;]<\/p>\n","protected":false},"author":2,"featured_media":11107,"comment_status":"open","ping_status":"open","sticky":false,"template":"","format":"standard","meta":{"footnotes":""},"categories":[105],"tags":[],"class_list":["post-11106","post","type-post","status-publish","format-standard","has-post-thumbnail","hentry","category-policia"],"_links":{"self":[{"href":"https:\/\/diabahia.com.br\/index.php\/wp-json\/wp\/v2\/posts\/11106","targetHints":{"allow":["GET"]}}],"collection":[{"href":"https:\/\/diabahia.com.br\/index.php\/wp-json\/wp\/v2\/posts"}],"about":[{"href":"https:\/\/diabahia.com.br\/index.php\/wp-json\/wp\/v2\/types\/post"}],"author":[{"embeddable":true,"href":"https:\/\/diabahia.com.br\/index.php\/wp-json\/wp\/v2\/users\/2"}],"replies":[{"embeddable":true,"href":"https:\/\/diabahia.com.br\/index.php\/wp-json\/wp\/v2\/comments?post=11106"}],"version-history":[{"count":0,"href":"https:\/\/diabahia.com.br\/index.php\/wp-json\/wp\/v2\/posts\/11106\/revisions"}],"wp:featuredmedia":[{"embeddable":true,"href":"https:\/\/diabahia.com.br\/index.php\/wp-json\/wp\/v2\/media\/11107"}],"wp:attachment":[{"href":"https:\/\/diabahia.com.br\/index.php\/wp-json\/wp\/v2\/media?parent=11106"}],"wp:term":[{"taxonomy":"category","embeddable":true,"href":"https:\/\/diabahia.com.br\/index.php\/wp-json\/wp\/v2\/categories?post=11106"},{"taxonomy":"post_tag","embeddable":true,"href":"https:\/\/diabahia.com.br\/index.php\/wp-json\/wp\/v2\/tags?post=11106"}],"curies":[{"name":"wp","href":"https:\/\/api.w.org\/{rel}","templated":true}]}}