{"id":11096,"date":"2024-08-16T11:09:32","date_gmt":"2024-08-16T14:09:32","guid":{"rendered":"https:\/\/diabahia.com.br\/?p=11096"},"modified":"2024-08-16T11:09:34","modified_gmt":"2024-08-16T14:09:34","slug":"oms-declara-emergencia-em-saude-publica-global-por-virus-mpox","status":"publish","type":"post","link":"https:\/\/diabahia.com.br\/index.php\/2024\/08\/16\/oms-declara-emergencia-em-saude-publica-global-por-virus-mpox\/","title":{"rendered":"OMS declara emerg\u00eancia em sa\u00fade p\u00fablica global por v\u00edrus Mpox"},"content":{"rendered":"\n<p>A Organiza\u00e7\u00e3o Mundial da Sa\u00fade (OMS) declarou nesta quarta-feira (14) emerg\u00eancia em sa\u00fade p\u00fablica global devido ao cen\u00e1rio do v\u00edrus Mpox no continente africano. Este \u00e9 o mais alto n\u00edvel de alerta.&nbsp;<\/p>\n\n\n\n<p>O alerta \u00e9 de import\u00e2ncia internacional, devido ao risco de dissemina\u00e7\u00e3o global e de uma poss\u00edvel nova pandemia.&nbsp;<\/p>\n\n\n\n<p>O diretor-geral da OMS, Tedros Adhanom Ghebreyesus disse, em uma coletiva de imprensa, em Genebra, que h\u00e1 mais de uma d\u00e9cada a Rep\u00fablica do Congo vem reportando casos da Mpox.&nbsp;<\/p>\n\n\n\n<p>&#8220;A OMS vem trabalhando para conter os surtos de mpox na \u00c1frica e alertando que o cen\u00e1rio \u00e9 algo que deve preocupar a todos n\u00f3s. Na semana passada, convoquei o comit\u00ea de emerg\u00eancia para avaliar a situa\u00e7\u00e3o na Rep\u00fablica Democr\u00e1tica do Congo e em outros pa\u00edses na \u00c1frica. Hoje, o comit\u00ea se reuniu e informou que, em sua vis\u00e3o, a situa\u00e7\u00e3o constitui emerg\u00eancia em sa\u00fade p\u00fablica de import\u00e2ncia internacional&#8221;, disse Tedros Adhanom Ghebreyesus.&nbsp;<\/p>\n\n\n\n<p>Em 2024, os casos de Mpox superaram o total registrado em 2023 na Rep\u00fablica do Congo e somam mais de 14 mil, al\u00e9m de 524 mortes.&nbsp;<\/p>\n\n\n\n<p>A mpox \u00e9 uma doen\u00e7a zoon\u00f3tica viral. A transmiss\u00e3o para humanos pode ocorrer por meio do contato com animais silvestres, pessoas e materiais infectados. Os sintomas incluem erup\u00e7\u00f5es cut\u00e2neas, les\u00f5es de pele, \u00ednguas, febre, dores no corpo, dor de cabe\u00e7a, calafrio e fraqueza.<\/p>\n\n\n\n<p>Fonte: Varela Net <\/p>\n","protected":false},"excerpt":{"rendered":"<p>A Organiza\u00e7\u00e3o Mundial da Sa\u00fade (OMS) declarou nesta quarta-feira (14) emerg\u00eancia em sa\u00fade p\u00fablica global devido ao cen\u00e1rio do v\u00edrus Mpox no continente africano. Este \u00e9 o mais alto n\u00edvel de alerta.&nbsp; O alerta \u00e9 de import\u00e2ncia internacional, devido ao risco de dissemina\u00e7\u00e3o global e de uma poss\u00edvel nova pandemia.&nbsp; O diretor-geral da OMS, Tedros [&hellip;]<\/p>\n","protected":false},"author":2,"featured_media":11097,"comment_status":"open","ping_status":"open","sticky":false,"template":"","format":"standard","meta":{"footnotes":""},"categories":[94],"tags":[],"class_list":["post-11096","post","type-post","status-publish","format-standard","has-post-thumbnail","hentry","category-saude-2"],"_links":{"self":[{"href":"https:\/\/diabahia.com.br\/index.php\/wp-json\/wp\/v2\/posts\/11096","targetHints":{"allow":["GET"]}}],"collection":[{"href":"https:\/\/diabahia.com.br\/index.php\/wp-json\/wp\/v2\/posts"}],"about":[{"href":"https:\/\/diabahia.com.br\/index.php\/wp-json\/wp\/v2\/types\/post"}],"author":[{"embeddable":true,"href":"https:\/\/diabahia.com.br\/index.php\/wp-json\/wp\/v2\/users\/2"}],"replies":[{"embeddable":true,"href":"https:\/\/diabahia.com.br\/index.php\/wp-json\/wp\/v2\/comments?post=11096"}],"version-history":[{"count":0,"href":"https:\/\/diabahia.com.br\/index.php\/wp-json\/wp\/v2\/posts\/11096\/revisions"}],"wp:featuredmedia":[{"embeddable":true,"href":"https:\/\/diabahia.com.br\/index.php\/wp-json\/wp\/v2\/media\/11097"}],"wp:attachment":[{"href":"https:\/\/diabahia.com.br\/index.php\/wp-json\/wp\/v2\/media?parent=11096"}],"wp:term":[{"taxonomy":"category","embeddable":true,"href":"https:\/\/diabahia.com.br\/index.php\/wp-json\/wp\/v2\/categories?post=11096"},{"taxonomy":"post_tag","embeddable":true,"href":"https:\/\/diabahia.com.br\/index.php\/wp-json\/wp\/v2\/tags?post=11096"}],"curies":[{"name":"wp","href":"https:\/\/api.w.org\/{rel}","templated":true}]}}