{"id":11093,"date":"2024-08-16T11:00:37","date_gmt":"2024-08-16T14:00:37","guid":{"rendered":"https:\/\/diabahia.com.br\/?p=11093"},"modified":"2024-08-16T11:00:39","modified_gmt":"2024-08-16T14:00:39","slug":"vitoria-da-multa-em-empreendedora-por-venda-de-biquinis-com-escudo-do-clube","status":"publish","type":"post","link":"https:\/\/diabahia.com.br\/index.php\/2024\/08\/16\/vitoria-da-multa-em-empreendedora-por-venda-de-biquinis-com-escudo-do-clube\/","title":{"rendered":"Vit\u00f3ria d\u00e1 multa em empreendedora por venda de biqu\u00ednis com escudo do clube"},"content":{"rendered":"\n<p>A empreendedora Fernanda Santana, de 22 anos, foi notificada judicialmente por comercializar biqu\u00ednis com a estampa do escudo do clube do Vit\u00f3ria. Ao divulgar o modelo nas redes sociais de sua lojinha, sua conta foi suspensa devido \u00e0 den\u00fancia feita pelo Clube.&nbsp;<\/p>\n\n\n\n<p>De acordo com Fernanda, ap\u00f3s ter sua conta suspensa no dia 04 de julho, ela recebeu uma notifica\u00e7\u00e3o extrajudicial para entrar em contato com a equipe jur\u00eddica do clube. Na conversa, ficou claro que a pequena empreendedora teria que excluir os an\u00fancios relacionados \u00e0 pe\u00e7a com o escudo do Vit\u00f3ria, al\u00e9m de assinar um termo fornecendo informa\u00e7\u00f5es sobre fornecedores e pagar uma multa de R$ 1.500,00 reais.&nbsp;<\/p>\n\n\n\n<p>Fernanda \u00e9 residente do munic\u00edpio de Mata de S\u00e3o Jo\u00e3o e mant\u00e9m uma loja online de moda praia, com pe\u00e7as personalizadas desde 2019.&nbsp;<\/p>\n\n\n\n<p>Nas redes sociais, internautas n\u00e3o gostaram da atitude do clube em notificar a comerciante. &#8220;Pode at\u00e9 parecer um valor insignificante para o clube, mas para ela vai fazer uma grande diferen\u00e7a. Coitada!&#8221;, escreveu um. J\u00e1 outro questionou o clube em tom de deboche, insinuando que o time estaria sem dinheiro. &#8220;T\u00e3o &#8216;liso&#8217; \u00e9?&#8221;, escreveu outro.&nbsp;<\/p>\n\n\n\n<p>Com o intuito de controlar o uso de sua marca, o Vit\u00f3ria, em parceria com a empresa de combate \u00e0 pirataria Nofake est\u00e3o notificando empresas\/empreendedores que julgam estarem realizando pr\u00e1ticas ilegais.&nbsp;<\/p>\n\n\n\n<p>Fonte: Varela Net <\/p>\n","protected":false},"excerpt":{"rendered":"<p>A empreendedora Fernanda Santana, de 22 anos, foi notificada judicialmente por comercializar biqu\u00ednis com a estampa do escudo do clube do Vit\u00f3ria. Ao divulgar o modelo nas redes sociais de sua lojinha, sua conta foi suspensa devido \u00e0 den\u00fancia feita pelo Clube.&nbsp; De acordo com Fernanda, ap\u00f3s ter sua conta suspensa no dia 04 de [&hellip;]<\/p>\n","protected":false},"author":2,"featured_media":11094,"comment_status":"open","ping_status":"open","sticky":false,"template":"","format":"standard","meta":{"footnotes":""},"categories":[89],"tags":[],"class_list":["post-11093","post","type-post","status-publish","format-standard","has-post-thumbnail","hentry","category-esportes"],"_links":{"self":[{"href":"https:\/\/diabahia.com.br\/index.php\/wp-json\/wp\/v2\/posts\/11093","targetHints":{"allow":["GET"]}}],"collection":[{"href":"https:\/\/diabahia.com.br\/index.php\/wp-json\/wp\/v2\/posts"}],"about":[{"href":"https:\/\/diabahia.com.br\/index.php\/wp-json\/wp\/v2\/types\/post"}],"author":[{"embeddable":true,"href":"https:\/\/diabahia.com.br\/index.php\/wp-json\/wp\/v2\/users\/2"}],"replies":[{"embeddable":true,"href":"https:\/\/diabahia.com.br\/index.php\/wp-json\/wp\/v2\/comments?post=11093"}],"version-history":[{"count":0,"href":"https:\/\/diabahia.com.br\/index.php\/wp-json\/wp\/v2\/posts\/11093\/revisions"}],"wp:featuredmedia":[{"embeddable":true,"href":"https:\/\/diabahia.com.br\/index.php\/wp-json\/wp\/v2\/media\/11094"}],"wp:attachment":[{"href":"https:\/\/diabahia.com.br\/index.php\/wp-json\/wp\/v2\/media?parent=11093"}],"wp:term":[{"taxonomy":"category","embeddable":true,"href":"https:\/\/diabahia.com.br\/index.php\/wp-json\/wp\/v2\/categories?post=11093"},{"taxonomy":"post_tag","embeddable":true,"href":"https:\/\/diabahia.com.br\/index.php\/wp-json\/wp\/v2\/tags?post=11093"}],"curies":[{"name":"wp","href":"https:\/\/api.w.org\/{rel}","templated":true}]}}