{"id":11081,"date":"2024-08-15T17:17:48","date_gmt":"2024-08-15T20:17:48","guid":{"rendered":"https:\/\/diabahia.com.br\/?p=11081"},"modified":"2024-08-15T17:17:50","modified_gmt":"2024-08-15T20:17:50","slug":"vitoria-renova-contrato-de-dois-meio-campistas-do-elenco","status":"publish","type":"post","link":"https:\/\/diabahia.com.br\/index.php\/2024\/08\/15\/vitoria-renova-contrato-de-dois-meio-campistas-do-elenco\/","title":{"rendered":"Vit\u00f3ria renova contrato de dois meio-campistas do elenco"},"content":{"rendered":"\n<p>O\u00a0Vit\u00f3ria\u00a0renovou contrato com dois atletas do seu plantel. Os meio-campistas Jos\u00e9 Breno e Pablo prorrogaram v\u00ednculo com o rubro-negro baiano. Os nomes dos jogadores foram registradosno Boletim Informativo Di\u00e1rio (BID) da CBF, o registro nacional de jogadores. <\/p>\n\n\n\n<p>Formado na base rubro-negra, o volante\u00a0Jos\u00e9 Breno\u00a0ampliou v\u00ednculo com o Vit\u00f3ria at\u00e9 o fim de 2026. Ap\u00f3s se destacar na S\u00e9rie D em sua passagem pelo Itabuna, o atleta de 20 anos foi incorporado ao time principal a pedido do t\u00e9cnico Thiago Carpini. Ele j\u00e1 atuou em duas oportunidades na S\u00e9rie A.<\/p>\n\n\n\n<p>O meia\u00a0Pablo\u00a0chamou a aten\u00e7\u00e3o ap\u00f3s boas atua\u00e7\u00f5es pelo Jacuipense no Campeonato Baiano. Ele se transferiu ao Le\u00e3o da Barra inicialmente por empr\u00e9stimo e posteriormente teve 50% de seus direitos adquirido pelos rubro-negro. Ele assinou at\u00e9 a temporada 2027 e j\u00e1 atuou por dois jogos.<\/p>\n\n\n\n<p>Recentemente o Vit\u00f3ria prorrogou os v\u00ednculos com os zagueiros\u00a0Wagner Leonardo\u00a0e\u00a0Camutanga, al\u00e9m do meia\u00a0Matheusinho. <\/p>\n\n\n\n<p>Fonte: A Tarde <\/p>\n","protected":false},"excerpt":{"rendered":"<p>O\u00a0Vit\u00f3ria\u00a0renovou contrato com dois atletas do seu plantel. Os meio-campistas Jos\u00e9 Breno e Pablo prorrogaram v\u00ednculo com o rubro-negro baiano. Os nomes dos jogadores foram registradosno Boletim Informativo Di\u00e1rio (BID) da CBF, o registro nacional de jogadores. Formado na base rubro-negra, o volante\u00a0Jos\u00e9 Breno\u00a0ampliou v\u00ednculo com o Vit\u00f3ria at\u00e9 o fim de 2026. Ap\u00f3s se [&hellip;]<\/p>\n","protected":false},"author":2,"featured_media":11082,"comment_status":"open","ping_status":"open","sticky":false,"template":"","format":"standard","meta":{"footnotes":""},"categories":[89],"tags":[],"class_list":["post-11081","post","type-post","status-publish","format-standard","has-post-thumbnail","hentry","category-esportes"],"_links":{"self":[{"href":"https:\/\/diabahia.com.br\/index.php\/wp-json\/wp\/v2\/posts\/11081","targetHints":{"allow":["GET"]}}],"collection":[{"href":"https:\/\/diabahia.com.br\/index.php\/wp-json\/wp\/v2\/posts"}],"about":[{"href":"https:\/\/diabahia.com.br\/index.php\/wp-json\/wp\/v2\/types\/post"}],"author":[{"embeddable":true,"href":"https:\/\/diabahia.com.br\/index.php\/wp-json\/wp\/v2\/users\/2"}],"replies":[{"embeddable":true,"href":"https:\/\/diabahia.com.br\/index.php\/wp-json\/wp\/v2\/comments?post=11081"}],"version-history":[{"count":0,"href":"https:\/\/diabahia.com.br\/index.php\/wp-json\/wp\/v2\/posts\/11081\/revisions"}],"wp:featuredmedia":[{"embeddable":true,"href":"https:\/\/diabahia.com.br\/index.php\/wp-json\/wp\/v2\/media\/11082"}],"wp:attachment":[{"href":"https:\/\/diabahia.com.br\/index.php\/wp-json\/wp\/v2\/media?parent=11081"}],"wp:term":[{"taxonomy":"category","embeddable":true,"href":"https:\/\/diabahia.com.br\/index.php\/wp-json\/wp\/v2\/categories?post=11081"},{"taxonomy":"post_tag","embeddable":true,"href":"https:\/\/diabahia.com.br\/index.php\/wp-json\/wp\/v2\/tags?post=11081"}],"curies":[{"name":"wp","href":"https:\/\/api.w.org\/{rel}","templated":true}]}}