{"id":11054,"date":"2024-08-14T10:41:17","date_gmt":"2024-08-14T13:41:17","guid":{"rendered":"https:\/\/diabahia.com.br\/?p=11054"},"modified":"2024-08-14T10:41:19","modified_gmt":"2024-08-14T13:41:19","slug":"brasil-registra-mais-de-300-mil-vitimas-de-acidente-no-transito-na-ultima-decada","status":"publish","type":"post","link":"https:\/\/diabahia.com.br\/index.php\/2024\/08\/14\/brasil-registra-mais-de-300-mil-vitimas-de-acidente-no-transito-na-ultima-decada\/","title":{"rendered":"Brasil registra mais de 300 mil v\u00edtimas de acidente no tr\u00e2nsito na \u00faltima d\u00e9cada"},"content":{"rendered":"\n<p>Acidentes recentes no tr\u00e2nsito causaram como\u00e7\u00e3o no Brasil com fatalidades inesperadas. Casos como o motorista de um carro de luxo que atingiu a traseira de um carro, causando a morte de um motorista por aplicativo, mostram como muitas vidas s\u00e3o perdidas no tr\u00e2nsito brasileiro. O caso ganhou ainda mais repercuss\u00e3o ap\u00f3s o motorista da Porsche ser liberado pela pol\u00edcia ainda no local do acidente, que foi registrado em v\u00eddeo.<\/p>\n\n\n\n<p>Dados alertam que, na \u00faltima d\u00e9cada, quase 300 mil brasileiros perderam a vida no tr\u00e2nsito, colocando o pa\u00eds como o terceiro que mais mata no tr\u00e2nsito. In\u00fameras vidas s\u00e3o perdidas por ano, deixando um rastro de dor e sofrimento para as fam\u00edlias afetadas.<\/p>\n\n\n\n<p><strong>Legisla\u00e7\u00e3o<\/strong><\/p>\n\n\n\n<p>Em muitos casos, o principal motivo do acidente \u00e9 o consumo de bebida alco\u00f3lica. A lei prev\u00ea deten\u00e7\u00e3o de seis meses a tr\u00eas anos, multa e suspens\u00e3o ou proibi\u00e7\u00e3o de se obter a permiss\u00e3o ou a habilita\u00e7\u00e3o para dirigir ve\u00edculo automotor, para quem for flagrado dirigindo sob o efeito do \u00e1lcool.<\/p>\n\n\n\n<p>O advogado criminalista Manoel Amorim alerta que existem casos em que o causador do acidente se recusa a realizar o teste do baf\u00f4metro, e o n\u00famero dessas ocorr\u00eancias vem aumentando nos \u00faltimos anos no Brasil.&nbsp;<em>\u201cMuitos motoristas utilizam de uma brecha na legisla\u00e7\u00e3o. O C\u00f3digo de Tr\u00e2nsito Brasileiro, no artigo 277, afirma que todo condutor envolvido em acidente de tr\u00e2nsito ou que for alvo de investiga\u00e7\u00e3o seja submetido ao teste do baf\u00f4metro. Desse modo, se um motorista for parado e se recusar a realizar o teste, a recusa deveria presumir que ele fez o uso. No entanto, o parlamento modificou este trecho. O verbo &#8220;ser&#8221; e &#8220;ser\u00e1 submetido&#8221; foi substitu\u00eddo pelo &#8220;poder\u00e1 ser&#8221;, no texto da Lei n\u00ba 12.760, de 2012<\/em>\u201d, alerta o profissional.<\/p>\n\n\n\n<p>Essa pequena altera\u00e7\u00e3o permite que o condutor do ve\u00edculo que esteja minimamente informado possa se recusar a realizar o teste do baf\u00f4metro. Ao se recusar a realizar o teste, o condutor \u00e9 autuado apenas por infra\u00e7\u00e3o grav\u00edssima, com o valor da multa multiplicado por dez vezes, al\u00e9m da suspens\u00e3o do direito de dirigir por 12 meses.<\/p>\n\n\n\n<p><strong>Caso do motorista da Porsche<\/strong><\/p>\n\n\n\n<p>No caso do motorista da Porsche em S\u00e3o Paulo, registrado por v\u00eddeo no dia 31 de mar\u00e7o deste ano, o condutor do carro de luxo, Fernando, foi indiciado por homic\u00eddio por dolo eventual (por ter assumido o risco de matar Ornaldo), les\u00e3o corporal (por machucar Marcus) e fuga do local do acidente (para n\u00e3o fazer o teste do baf\u00f4metro da Pol\u00edcia Militar (PM), que poderia detectar se ele bebeu e dirigiu).<\/p>\n\n\n\n<p>Por n\u00e3o realizar o teste do baf\u00f4metro em seguida ao acidente, n\u00e3o foi poss\u00edvel constatar que o causador do acidente estava sob o efeito do \u00e1lcool no momento da ocorr\u00eancia. Testemunhas ouvidas na investiga\u00e7\u00e3o afirmaram que o empres\u00e1rio havia bebido momentos antes da fatalidade.&nbsp;<\/p>\n\n\n\n<p>A defesa do empres\u00e1rio alegou que ele n\u00e3o ingeriu bebida alco\u00f3lica antes de dirigir o ve\u00edculo. Afirmou ainda que Fernando guiava o Porsche &#8220;um pouco acima do limite&#8221; para a via. A namorada de Fernando tamb\u00e9m negou que ele tenha bebido.<\/p>\n\n\n\n<p>Fernando pagou uma fian\u00e7a no valor de R$ 500 mil imposta pela Justi\u00e7a como garantia de eventuais indeniza\u00e7\u00f5es \u00e0s fam\u00edlias da v\u00edtima e do rapaz que sobreviveu.<\/p>\n\n\n\n<p>Mesmo com o pagamento da fian\u00e7a, Fernando segue preso em uma penitenci\u00e1ria de S\u00e3o Paulo, aguardando pelo julgamento do caso.<\/p>\n\n\n\n<p><strong>Caso K\u00e1tia Vargas<\/strong><\/p>\n\n\n\n<p>Em outubro de 2013, os irm\u00e3os Emanuel e Emanuelle Gomes morreram em um acidente de tr\u00e2nsito com a m\u00e9dica K\u00e1tia Vargas, em Salvador. Os irm\u00e3os estavam em uma motocicleta envolvida em um acidente com o carro dirigido pela oftalmologista.<\/p>\n\n\n\n<p>O caso repercutiu na \u00e9poca do acidente, por conta da libera\u00e7\u00e3o da m\u00e9dica da pris\u00e3o ap\u00f3s passar por alguns dias presa e ser inocentada na Justi\u00e7a em seguida. Testemunhas disseram que K\u00e1tia Vargas saiu com o carro e fechou a passagem da moto pilotada por Emanuel, que levava a irm\u00e3 na garupa, no sentido Rio Vermelho.<\/p>\n\n\n\n<p>Ap\u00f3s parar no sinal, Emanuel teria protestado contra a atitude da m\u00e9dica, batendo com o capacete contra o cap\u00f4 do carro. Foi quando o sinal abriu para a moto, mas n\u00e3o para o carro da m\u00e9dica, que faria um retorno no sentido Jardim Apipema.<\/p>\n\n\n\n<p>Segundo as investiga\u00e7\u00f5es, K\u00e1tia furou o sinal vermelho e acelerou o ve\u00edculo em dire\u00e7\u00e3o \u00e0 motocicleta. Ent\u00e3o Emanuel perdeu o controle da dire\u00e7\u00e3o e se chocou contra o poste, em alta velocidade. Ele e a irm\u00e3 morreram na hora. Ap\u00f3s o impacto, a m\u00e9dica chegou a entrar na contram\u00e3o e bateu, alguns metros \u00e0 frente, no port\u00e3o do Ondina Apart Hotel.<\/p>\n\n\n\n<p>A m\u00e9dica ficou internada no Hospital Alian\u00e7a ap\u00f3s o acidente e saiu de l\u00e1 direto para o Pres\u00eddio Feminino de Salvador, na Mata Escura, onde ficou presa por 58 dias, at\u00e9 ter o alvar\u00e1 de soltura concedido pela Justi\u00e7a.<\/p>\n\n\n\n<p>Ap\u00f3s o acidente, o Minist\u00e9rio P\u00fablico denunciou a m\u00e9dica por duplo homic\u00eddio duplamente qualificado, por impossibilidade de defesa das v\u00edtimas e pelo perigo comum.<\/p>\n\n\n\n<p>K\u00e1tia Vargas foi inocentada em j\u00fari popular no ano de 2017. Em 2018, a Justi\u00e7a anulou o j\u00fari que absolveu K\u00e1tia Vargas, mas, um ano depois, os desembargadores mantiveram a absolvi\u00e7\u00e3o da m\u00e9dica.<\/p>\n\n\n\n<p>Fonte: Varela Net <\/p>\n","protected":false},"excerpt":{"rendered":"<p>Acidentes recentes no tr\u00e2nsito causaram como\u00e7\u00e3o no Brasil com fatalidades inesperadas. Casos como o motorista de um carro de luxo que atingiu a traseira de um carro, causando a morte de um motorista por aplicativo, mostram como muitas vidas s\u00e3o perdidas no tr\u00e2nsito brasileiro. O caso ganhou ainda mais repercuss\u00e3o ap\u00f3s o motorista da Porsche [&hellip;]<\/p>\n","protected":false},"author":2,"featured_media":11055,"comment_status":"open","ping_status":"open","sticky":false,"template":"","format":"standard","meta":{"footnotes":""},"categories":[85],"tags":[],"class_list":["post-11054","post","type-post","status-publish","format-standard","has-post-thumbnail","hentry","category-noticias"],"_links":{"self":[{"href":"https:\/\/diabahia.com.br\/index.php\/wp-json\/wp\/v2\/posts\/11054","targetHints":{"allow":["GET"]}}],"collection":[{"href":"https:\/\/diabahia.com.br\/index.php\/wp-json\/wp\/v2\/posts"}],"about":[{"href":"https:\/\/diabahia.com.br\/index.php\/wp-json\/wp\/v2\/types\/post"}],"author":[{"embeddable":true,"href":"https:\/\/diabahia.com.br\/index.php\/wp-json\/wp\/v2\/users\/2"}],"replies":[{"embeddable":true,"href":"https:\/\/diabahia.com.br\/index.php\/wp-json\/wp\/v2\/comments?post=11054"}],"version-history":[{"count":0,"href":"https:\/\/diabahia.com.br\/index.php\/wp-json\/wp\/v2\/posts\/11054\/revisions"}],"wp:featuredmedia":[{"embeddable":true,"href":"https:\/\/diabahia.com.br\/index.php\/wp-json\/wp\/v2\/media\/11055"}],"wp:attachment":[{"href":"https:\/\/diabahia.com.br\/index.php\/wp-json\/wp\/v2\/media?parent=11054"}],"wp:term":[{"taxonomy":"category","embeddable":true,"href":"https:\/\/diabahia.com.br\/index.php\/wp-json\/wp\/v2\/categories?post=11054"},{"taxonomy":"post_tag","embeddable":true,"href":"https:\/\/diabahia.com.br\/index.php\/wp-json\/wp\/v2\/tags?post=11054"}],"curies":[{"name":"wp","href":"https:\/\/api.w.org\/{rel}","templated":true}]}}