{"id":11042,"date":"2024-08-14T10:27:53","date_gmt":"2024-08-14T13:27:53","guid":{"rendered":"https:\/\/diabahia.com.br\/?p=11042"},"modified":"2024-08-14T10:27:55","modified_gmt":"2024-08-14T13:27:55","slug":"brt-de-salvador-passa-a-ter-mulheres-no-quadro-de-motoristas-do-sistema","status":"publish","type":"post","link":"https:\/\/diabahia.com.br\/index.php\/2024\/08\/14\/brt-de-salvador-passa-a-ter-mulheres-no-quadro-de-motoristas-do-sistema\/","title":{"rendered":"BRT de Salvador passa a ter mulheres no quadro de motoristas do sistema"},"content":{"rendered":"\n<p>O BRT de Salvador passa a ter, a partir dessa semana, duas mulheres que integram o quadro de motoristas do sistema. A iniciativa foi iniciada na segunda-feira (12) e faz parte de uma parceria entre as secretarias municipais de Mobilidade (Semob) e de Pol\u00edticas para Mulheres, Inf\u00e2ncia e Juventude (SPMJ) e de empresas de transporte, dentro do programa Mulheres no Volante.<\/p>\n\n\n\n<p>As novas trabalhadoras que ir\u00e3o integra o quadro de motoristas do sistema ser\u00e3o Ilmara Sales e Carla Patr\u00edcia Maltez. Com 53 anos e uma trajet\u00f3ria que inclui trabalho como cobradora desde 2014, Ilmara Sales expressou a import\u00e2ncia de ser uma das primeiras motoristas do BRT e como isso pode servir de inspira\u00e7\u00e3o para outras mulheres. &#8220;<em>S\u00f3 o fato de a gente estar aqui como pioneira j\u00e1 impulsiona outras mulheres. \u00c9 uma bela forma de empoderamento feminino<\/em>,&#8221; afirmou.<\/p>\n\n\n\n<p>Tamb\u00e9m ex-cobradora, Carla Maltez, de 41 anos, passou por diversas fun\u00e7\u00f5es at\u00e9 chegar ao BRT. &#8220;<em>S\u00e3o muitos, muitos desafios. Cada passo que n\u00f3s damos \u00e9 um degrau a mais subindo. Cada processo \u00e9 algo novo que \u00e9 apresentado e temos que nos habituar com as mudan\u00e7as&#8221;<\/em>, relatou, ao ressaltar a import\u00e2ncia da capacita\u00e7\u00e3o recebida, que inclui adapta\u00e7\u00e3o a ve\u00edculos el\u00e9tricos e sistemas informatizados.<\/p>\n\n\n\n<p>Fonte: Varela Net <\/p>\n","protected":false},"excerpt":{"rendered":"<p>O BRT de Salvador passa a ter, a partir dessa semana, duas mulheres que integram o quadro de motoristas do sistema. A iniciativa foi iniciada na segunda-feira (12) e faz parte de uma parceria entre as secretarias municipais de Mobilidade (Semob) e de Pol\u00edticas para Mulheres, Inf\u00e2ncia e Juventude (SPMJ) e de empresas de transporte, [&hellip;]<\/p>\n","protected":false},"author":2,"featured_media":11043,"comment_status":"open","ping_status":"open","sticky":false,"template":"","format":"standard","meta":{"footnotes":""},"categories":[85],"tags":[],"class_list":["post-11042","post","type-post","status-publish","format-standard","has-post-thumbnail","hentry","category-noticias"],"_links":{"self":[{"href":"https:\/\/diabahia.com.br\/index.php\/wp-json\/wp\/v2\/posts\/11042","targetHints":{"allow":["GET"]}}],"collection":[{"href":"https:\/\/diabahia.com.br\/index.php\/wp-json\/wp\/v2\/posts"}],"about":[{"href":"https:\/\/diabahia.com.br\/index.php\/wp-json\/wp\/v2\/types\/post"}],"author":[{"embeddable":true,"href":"https:\/\/diabahia.com.br\/index.php\/wp-json\/wp\/v2\/users\/2"}],"replies":[{"embeddable":true,"href":"https:\/\/diabahia.com.br\/index.php\/wp-json\/wp\/v2\/comments?post=11042"}],"version-history":[{"count":0,"href":"https:\/\/diabahia.com.br\/index.php\/wp-json\/wp\/v2\/posts\/11042\/revisions"}],"wp:featuredmedia":[{"embeddable":true,"href":"https:\/\/diabahia.com.br\/index.php\/wp-json\/wp\/v2\/media\/11043"}],"wp:attachment":[{"href":"https:\/\/diabahia.com.br\/index.php\/wp-json\/wp\/v2\/media?parent=11042"}],"wp:term":[{"taxonomy":"category","embeddable":true,"href":"https:\/\/diabahia.com.br\/index.php\/wp-json\/wp\/v2\/categories?post=11042"},{"taxonomy":"post_tag","embeddable":true,"href":"https:\/\/diabahia.com.br\/index.php\/wp-json\/wp\/v2\/tags?post=11042"}],"curies":[{"name":"wp","href":"https:\/\/api.w.org\/{rel}","templated":true}]}}