{"id":11027,"date":"2024-08-13T16:36:44","date_gmt":"2024-08-13T19:36:44","guid":{"rendered":"https:\/\/diabahia.com.br\/?p=11027"},"modified":"2024-08-13T16:36:46","modified_gmt":"2024-08-13T19:36:46","slug":"vitoria-recebe-proposta-de-clube-portugues-por-alisson-santos-que-esta-emprestado-ao-figueirense","status":"publish","type":"post","link":"https:\/\/diabahia.com.br\/index.php\/2024\/08\/13\/vitoria-recebe-proposta-de-clube-portugues-por-alisson-santos-que-esta-emprestado-ao-figueirense\/","title":{"rendered":"Vit\u00f3ria recebe proposta de clube portugu\u00eas por Alisson Santos, que est\u00e1 emprestado ao Figueirense"},"content":{"rendered":"\n<p>O atacante Alisson Santos, emprestado pelo Vit\u00f3ria ao Figueirense, pode estar de sa\u00edda para o futebol europeu. Nesta semana, o&nbsp;Le\u00e3o recebeu uma proposta de empr\u00e9stimo do jogador do Uni\u00e3o de Leiria, clube&nbsp;da segunda divis\u00e3o do Campeonato Portugu\u00eas. A informa\u00e7\u00e3o foi ve\u00edculada inicialmente pelo jornalista Roberto Gatti&nbsp;e confirmada ao&nbsp;Bahia Not\u00edcias&nbsp;por fontes ligadas \u00e0 diretoria do clube.&nbsp;<\/p>\n\n\n\n<p>A proposta recebida pelo Rubro-Negro Baiano, que j\u00e1 foi apresentada ao Figueira, ainda segue sendo tratada. O atleta possui um contrato com os dois clubes e ambas as partes ainda buscam adequar da melhor forma para que o desfecho seja positivo.&nbsp; <\/p>\n\n\n\n<p>O Vit\u00f3ria&nbsp;sinalizou a oferta positivamente,&nbsp; mais ainda aguarda uma resposta do&nbsp;Alvinegro Catarinense, que tem o&nbsp;desejo de contar com o atacante, que possui seis gols em 23 jogos na temporada atual.&nbsp;<\/p>\n\n\n\n<p>A&nbsp;negocia\u00e7\u00e3o pelo novo&nbsp;empr\u00e9stimo ainda n\u00e3o foi fechada, mas a tend\u00eancia \u00e9 que o martelo seja batido e o neg\u00f3cio seja concretizado em breve. O clube portugu\u00eas, que pode ser o destino do atacante, j\u00e1 fez a sua estreia na Liga Portugal 2 e perdeu para o Vizela no \u00faltimo domingo (11), pelo placar de 2 a 0.<\/p>\n\n\n\n<p>Fonte: Bahia Not\u00edcias <\/p>\n","protected":false},"excerpt":{"rendered":"<p>O atacante Alisson Santos, emprestado pelo Vit\u00f3ria ao Figueirense, pode estar de sa\u00edda para o futebol europeu. Nesta semana, o&nbsp;Le\u00e3o recebeu uma proposta de empr\u00e9stimo do jogador do Uni\u00e3o de Leiria, clube&nbsp;da segunda divis\u00e3o do Campeonato Portugu\u00eas. A informa\u00e7\u00e3o foi ve\u00edculada inicialmente pelo jornalista Roberto Gatti&nbsp;e confirmada ao&nbsp;Bahia Not\u00edcias&nbsp;por fontes ligadas \u00e0 diretoria do clube.&nbsp; [&hellip;]<\/p>\n","protected":false},"author":2,"featured_media":11028,"comment_status":"open","ping_status":"open","sticky":false,"template":"","format":"standard","meta":{"footnotes":""},"categories":[89],"tags":[],"class_list":["post-11027","post","type-post","status-publish","format-standard","has-post-thumbnail","hentry","category-esportes"],"_links":{"self":[{"href":"https:\/\/diabahia.com.br\/index.php\/wp-json\/wp\/v2\/posts\/11027","targetHints":{"allow":["GET"]}}],"collection":[{"href":"https:\/\/diabahia.com.br\/index.php\/wp-json\/wp\/v2\/posts"}],"about":[{"href":"https:\/\/diabahia.com.br\/index.php\/wp-json\/wp\/v2\/types\/post"}],"author":[{"embeddable":true,"href":"https:\/\/diabahia.com.br\/index.php\/wp-json\/wp\/v2\/users\/2"}],"replies":[{"embeddable":true,"href":"https:\/\/diabahia.com.br\/index.php\/wp-json\/wp\/v2\/comments?post=11027"}],"version-history":[{"count":0,"href":"https:\/\/diabahia.com.br\/index.php\/wp-json\/wp\/v2\/posts\/11027\/revisions"}],"wp:featuredmedia":[{"embeddable":true,"href":"https:\/\/diabahia.com.br\/index.php\/wp-json\/wp\/v2\/media\/11028"}],"wp:attachment":[{"href":"https:\/\/diabahia.com.br\/index.php\/wp-json\/wp\/v2\/media?parent=11027"}],"wp:term":[{"taxonomy":"category","embeddable":true,"href":"https:\/\/diabahia.com.br\/index.php\/wp-json\/wp\/v2\/categories?post=11027"},{"taxonomy":"post_tag","embeddable":true,"href":"https:\/\/diabahia.com.br\/index.php\/wp-json\/wp\/v2\/tags?post=11027"}],"curies":[{"name":"wp","href":"https:\/\/api.w.org\/{rel}","templated":true}]}}