{"id":10991,"date":"2024-08-12T16:47:04","date_gmt":"2024-08-12T19:47:04","guid":{"rendered":"https:\/\/diabahia.com.br\/?p=10991"},"modified":"2024-08-12T16:47:06","modified_gmt":"2024-08-12T19:47:06","slug":"politica-ou-gestao-jeronimo-avalia-comparacoes-com-governos-de-rui-e-wagner","status":"publish","type":"post","link":"https:\/\/diabahia.com.br\/index.php\/2024\/08\/12\/politica-ou-gestao-jeronimo-avalia-comparacoes-com-governos-de-rui-e-wagner\/","title":{"rendered":"Pol\u00edtica ou gest\u00e3o: Jer\u00f4nimo avalia compara\u00e7\u00f5es com governos de Rui e Wagner"},"content":{"rendered":"\n<p>Em entrevista ao Projeto Prisma, nesta segunda-feira (12), o governador Jer\u00f4nimo Rodrigues comentou sobre as expectativas da sua elei\u00e7\u00e3o e as compara\u00e7\u00f5es com os antecessores, Rui Costa e Jacques Wagner, visando uma mescla entre a postura mais pol\u00edtica &#8211; associada a Wagner -, e mais t\u00e9cnica &#8211; associada a Rui.&nbsp;<\/p>\n\n\n\n<p>\u201cEsse lugar [o cargo] n\u00e3o permite essas coisas de poder ter dom\u00ednio. Tem horas que a \u00e1rea t\u00e9cnica exige de voc\u00ea, posturas firmes para se debru\u00e7ar e estudar sobre um tema [&#8230;] Por mais que a gente tenha um comportamento pol\u00edtico. Quando voc\u00ea n\u00e3o faz isso na \u00e1rea t\u00e9cnica bem, a cobran\u00e7a vem na pol\u00edtica\u201d, delimita.&nbsp;<\/p>\n\n\n\n<p>Ele relembra que apesar das associa\u00e7\u00f5es de que um gestor seria mais pol\u00edtico ou mais t\u00e9cnico que outro, ambos os citados, Rui e Wagner, algumas posturas dizem respeito a personalidade de cada gestor. \u201cWagner tem um jeito pessoal, Rui tem um jeito pessoal, aquilo acaba demarcando mais a sua gest\u00e3o\u201d, afirma. Jer\u00f4nimo aponta ainda que&nbsp;as suas visitas aos munic\u00edpios, hoje 228, s\u00e3o umas das marcas de seu governo.<\/p>\n\n\n\n<p>Fonte: Bahia Not\u00edcias <\/p>\n","protected":false},"excerpt":{"rendered":"<p>Em entrevista ao Projeto Prisma, nesta segunda-feira (12), o governador Jer\u00f4nimo Rodrigues comentou sobre as expectativas da sua elei\u00e7\u00e3o e as compara\u00e7\u00f5es com os antecessores, Rui Costa e Jacques Wagner, visando uma mescla entre a postura mais pol\u00edtica &#8211; associada a Wagner -, e mais t\u00e9cnica &#8211; associada a Rui.&nbsp; \u201cEsse lugar [o cargo] n\u00e3o [&hellip;]<\/p>\n","protected":false},"author":2,"featured_media":10992,"comment_status":"open","ping_status":"open","sticky":false,"template":"","format":"standard","meta":{"footnotes":""},"categories":[85],"tags":[],"class_list":["post-10991","post","type-post","status-publish","format-standard","has-post-thumbnail","hentry","category-noticias"],"_links":{"self":[{"href":"https:\/\/diabahia.com.br\/index.php\/wp-json\/wp\/v2\/posts\/10991","targetHints":{"allow":["GET"]}}],"collection":[{"href":"https:\/\/diabahia.com.br\/index.php\/wp-json\/wp\/v2\/posts"}],"about":[{"href":"https:\/\/diabahia.com.br\/index.php\/wp-json\/wp\/v2\/types\/post"}],"author":[{"embeddable":true,"href":"https:\/\/diabahia.com.br\/index.php\/wp-json\/wp\/v2\/users\/2"}],"replies":[{"embeddable":true,"href":"https:\/\/diabahia.com.br\/index.php\/wp-json\/wp\/v2\/comments?post=10991"}],"version-history":[{"count":0,"href":"https:\/\/diabahia.com.br\/index.php\/wp-json\/wp\/v2\/posts\/10991\/revisions"}],"wp:featuredmedia":[{"embeddable":true,"href":"https:\/\/diabahia.com.br\/index.php\/wp-json\/wp\/v2\/media\/10992"}],"wp:attachment":[{"href":"https:\/\/diabahia.com.br\/index.php\/wp-json\/wp\/v2\/media?parent=10991"}],"wp:term":[{"taxonomy":"category","embeddable":true,"href":"https:\/\/diabahia.com.br\/index.php\/wp-json\/wp\/v2\/categories?post=10991"},{"taxonomy":"post_tag","embeddable":true,"href":"https:\/\/diabahia.com.br\/index.php\/wp-json\/wp\/v2\/tags?post=10991"}],"curies":[{"name":"wp","href":"https:\/\/api.w.org\/{rel}","templated":true}]}}