{"id":10704,"date":"2024-07-29T15:49:24","date_gmt":"2024-07-29T18:49:24","guid":{"rendered":"https:\/\/diabahia.com.br\/?p=10704"},"modified":"2024-07-29T15:49:25","modified_gmt":"2024-07-29T18:49:25","slug":"cunhado-de-pre-candidato-em-prefeitura-baiana-morre-apos-capotar-carro-na-br-242","status":"publish","type":"post","link":"https:\/\/diabahia.com.br\/index.php\/2024\/07\/29\/cunhado-de-pre-candidato-em-prefeitura-baiana-morre-apos-capotar-carro-na-br-242\/","title":{"rendered":"Cunhado de pr\u00e9-candidato em prefeitura baiana morre ap\u00f3s capotar carro na BR-242"},"content":{"rendered":"\n<p id=\"paragrafo-bsg1f9ojtl\">Um homem de 32 anos morreu&nbsp;na manh\u00e3 de domingo (28)&nbsp;ap\u00f3s capotar o carro&nbsp;na altura do quil\u00f4metro 870, da BR-242, entre os munic\u00edpios de Barreiras e Lu\u00eds Eduardo Magalh\u00e3es, no oeste baiano.&nbsp;A mulher e os dois filhos da v\u00edtima tamb\u00e9m estavam no ve\u00edculo, mas foram socorridos e n\u00e3o correm risco de morte.<\/p>\n\n\n\n<p id=\"paragrafo-3pjn8s5kbi\">A v\u00edtima foi identificada como&nbsp;Deyvid Machado Farias, cunhado do pr\u00e9-candidato \u00e0 prefeitura de Barreiras, Danilo Ribeiro (PP). Em nota, o pol\u00edtico informou o&nbsp;cancelamento da cerim\u00f4nia festiva da Conven\u00e7\u00e3o Partid\u00e1ria, mas esclareceu que as formalidades partid\u00e1rias para a forma\u00e7\u00e3o da coliga\u00e7\u00e3o ser\u00e3o mantidas, com a elabora\u00e7\u00e3o das atas e a assinatura dos pr\u00e9-candidatos, na mesma data, hor\u00e1rio e local previamente estabelecidos.&nbsp;Ele tamb\u00e9m agradeceu as mensagens de solidariedade.<\/p>\n\n\n\n<p id=\"paragrafo-8im8g6idpg\">O vel\u00f3rio aconteceu na manh\u00e3 desta segunda-feira (29) e o sepultamento ser\u00e1 \u00e0s 16h30 no Jardim da Saudade, em Vila Nova.&nbsp;A Delegacia Territorial (DT &#8211; Lu\u00eds Eduardo Magalh\u00e3es), investiga as circunst\u00e2ncias do capotamento.<\/p>\n\n\n\n<p id=\"paragrafo-s6wnd8pzjj\">A reportagem entrou em contato com a Pol\u00edcia Rodovi\u00e1ria Federal (PRF) para ter mais detalhes da ocorr\u00eancia e aguarda retorno.&nbsp;<\/p>\n\n\n\n<p>Fonte: Jornal Correio <\/p>\n","protected":false},"excerpt":{"rendered":"<p>Um homem de 32 anos morreu&nbsp;na manh\u00e3 de domingo (28)&nbsp;ap\u00f3s capotar o carro&nbsp;na altura do quil\u00f4metro 870, da BR-242, entre os munic\u00edpios de Barreiras e Lu\u00eds Eduardo Magalh\u00e3es, no oeste baiano.&nbsp;A mulher e os dois filhos da v\u00edtima tamb\u00e9m estavam no ve\u00edculo, mas foram socorridos e n\u00e3o correm risco de morte. A v\u00edtima foi identificada [&hellip;]<\/p>\n","protected":false},"author":2,"featured_media":10705,"comment_status":"open","ping_status":"open","sticky":false,"template":"","format":"standard","meta":{"footnotes":""},"categories":[85],"tags":[],"class_list":["post-10704","post","type-post","status-publish","format-standard","has-post-thumbnail","hentry","category-noticias"],"_links":{"self":[{"href":"https:\/\/diabahia.com.br\/index.php\/wp-json\/wp\/v2\/posts\/10704","targetHints":{"allow":["GET"]}}],"collection":[{"href":"https:\/\/diabahia.com.br\/index.php\/wp-json\/wp\/v2\/posts"}],"about":[{"href":"https:\/\/diabahia.com.br\/index.php\/wp-json\/wp\/v2\/types\/post"}],"author":[{"embeddable":true,"href":"https:\/\/diabahia.com.br\/index.php\/wp-json\/wp\/v2\/users\/2"}],"replies":[{"embeddable":true,"href":"https:\/\/diabahia.com.br\/index.php\/wp-json\/wp\/v2\/comments?post=10704"}],"version-history":[{"count":0,"href":"https:\/\/diabahia.com.br\/index.php\/wp-json\/wp\/v2\/posts\/10704\/revisions"}],"wp:featuredmedia":[{"embeddable":true,"href":"https:\/\/diabahia.com.br\/index.php\/wp-json\/wp\/v2\/media\/10705"}],"wp:attachment":[{"href":"https:\/\/diabahia.com.br\/index.php\/wp-json\/wp\/v2\/media?parent=10704"}],"wp:term":[{"taxonomy":"category","embeddable":true,"href":"https:\/\/diabahia.com.br\/index.php\/wp-json\/wp\/v2\/categories?post=10704"},{"taxonomy":"post_tag","embeddable":true,"href":"https:\/\/diabahia.com.br\/index.php\/wp-json\/wp\/v2\/tags?post=10704"}],"curies":[{"name":"wp","href":"https:\/\/api.w.org\/{rel}","templated":true}]}}