{"id":10694,"date":"2024-07-29T15:38:07","date_gmt":"2024-07-29T18:38:07","guid":{"rendered":"https:\/\/diabahia.com.br\/?p=10694"},"modified":"2024-07-29T15:38:09","modified_gmt":"2024-07-29T18:38:09","slug":"pre-candidatos-de-salvador-apresentam-propostas-ao-setor-produtivo","status":"publish","type":"post","link":"https:\/\/diabahia.com.br\/index.php\/2024\/07\/29\/pre-candidatos-de-salvador-apresentam-propostas-ao-setor-produtivo\/","title":{"rendered":"Pr\u00e9-candidatos de Salvador apresentam propostas ao setor produtivo"},"content":{"rendered":"\n<p>Representantes do setor empresarial de Salvador realizaram um encontro com os pr\u00e9-candidatos \u00e0 Prefeitura nesta segunda-feira, 29, promovido pela Fieb, Fecom\u00e9rcio, Fetrabase e Faeb. Foram apresentadas ideias e propostas dos planos de governo para as elei\u00e7\u00f5es.<\/p>\n\n\n\n<p>O presidente da Federa\u00e7\u00e3o do Com\u00e9rcio de Bens, Servi\u00e7os e Turismo da Bahia (Fecom\u00e9rcio-Ba), Kelsor Fernandes,&nbsp;pediu mais aten\u00e7\u00e3o do setor p\u00fablico com o privado. <\/p>\n\n\n\n<p>&#8220;Eu acho o seguinte, para n\u00f3s que somos do setor terci\u00e1rio, Salvador \u00e9 a capital que tem 50% do PIB nessa \u00e1rea. Acho que \u00e9 importante que tenhamos menos burocracia, mais transpar\u00eancia e participa\u00e7\u00e3o efetiva na administra\u00e7\u00e3o p\u00fablica. Venho reivindicando isso porque acredito que precisamos ser ouvidos pelo setor p\u00fablico. N\u00f3s, junto com eles, precisamos encontrar caminhos para minimizar os problemas enfrentados diariamente pelos empres\u00e1rios do com\u00e9rcio de bens, servi\u00e7os e turismo na nossa capital&#8221;, salientou Kelsor, ao ressaltar que \u00e9 importante que os candidatos ou\u00e7am e atendam as demandas dos comerci\u00e1rios e prestadores de servi\u00e7os.<\/p>\n\n\n\n<p>Pr\u00e9-candidato pelo MDB, o vice-governador Geraldo J\u00fanior apresentou seu plano de governo que inclui a\u00e7\u00f5es voltadas para microempreendedores (ME) e empresas de pequeno porte (EPP), a exemplo da isen\u00e7\u00e3o de IPTU para im\u00f3veis comerciais, nos mesmos moldes do estabelecido atualmente para os residenciais.<\/p>\n\n\n\n<p>Ele prop\u00f4s ainda incentivos fiscais como a isen\u00e7\u00e3o da Taxa de Licen\u00e7a de Loca\u00e7\u00e3o (TLL) para micro e pequenas empresas, assim como a institui\u00e7\u00e3o de que a Taxa de Fiscaliza\u00e7\u00e3o e Funcionamento (TFF), para que seja fixa e reduzida para as duas categorias, de 30% para as EPP e 50% para as ME.<\/p>\n\n\n\n<p>\u201cVamos estabelecer a pol\u00edtica de uma economia criativa, a pol\u00edtica de um condom\u00ednio da economia criativa, a pol\u00edtica dos polos industriais da economia criativa\u201d, garantiu Geraldo.<\/p>\n\n\n\n<p>J\u00e1 o prefeito&nbsp;Bruno Reis apresentou&nbsp;que a prefeitura j\u00e1 trabalha na moderniza\u00e7\u00e3o da infraestrutura para&nbsp;fazer escoar por Salvador a produ\u00e7\u00e3o agr\u00edcola do Oeste&nbsp;da Bahia, que hoje \u00e9 exportada pelo Porto de Santos. O prefeito falou ainda do est\u00edmulo e incentivos da prefeitura de Salvador para a melhoria do ambiente de neg\u00f3cios.<\/p>\n\n\n\n<p>\u201cA produ\u00e7\u00e3o agr\u00edcola do oeste, que \u00e9 exportada pelo Porto de Santos, n\u00f3s vamos exportar aqui por Salvador. Nossa equipe j\u00e1 est\u00e1 debru\u00e7ada na antiga Usiba Gerdau, ali ter\u00e1 \u00e1reas para enfardamento do algod\u00e3o, retro\u00e1reas para alimentar o porto. Vamos transformar tamb\u00e9m num polo industrial da constru\u00e7\u00e3o civil para que esta produ\u00e7\u00e3o do oeste, que vai 650 quil\u00f4metros para o Porto de Santos, mais distante do que o Porto de Salvador, possa ser escoada pelo Porto de Salvador, t\u00e3o importante para o agroneg\u00f3cio da nossa Bahia\u201d, afirmou Bruno Reis.<\/p>\n\n\n\n<p>Fonte: A Tarde <\/p>\n","protected":false},"excerpt":{"rendered":"<p>Representantes do setor empresarial de Salvador realizaram um encontro com os pr\u00e9-candidatos \u00e0 Prefeitura nesta segunda-feira, 29, promovido pela Fieb, Fecom\u00e9rcio, Fetrabase e Faeb. Foram apresentadas ideias e propostas dos planos de governo para as elei\u00e7\u00f5es. O presidente da Federa\u00e7\u00e3o do Com\u00e9rcio de Bens, Servi\u00e7os e Turismo da Bahia (Fecom\u00e9rcio-Ba), Kelsor Fernandes,&nbsp;pediu mais aten\u00e7\u00e3o do [&hellip;]<\/p>\n","protected":false},"author":2,"featured_media":10695,"comment_status":"open","ping_status":"open","sticky":false,"template":"","format":"standard","meta":{"footnotes":""},"categories":[91],"tags":[],"class_list":["post-10694","post","type-post","status-publish","format-standard","has-post-thumbnail","hentry","category-politica"],"_links":{"self":[{"href":"https:\/\/diabahia.com.br\/index.php\/wp-json\/wp\/v2\/posts\/10694","targetHints":{"allow":["GET"]}}],"collection":[{"href":"https:\/\/diabahia.com.br\/index.php\/wp-json\/wp\/v2\/posts"}],"about":[{"href":"https:\/\/diabahia.com.br\/index.php\/wp-json\/wp\/v2\/types\/post"}],"author":[{"embeddable":true,"href":"https:\/\/diabahia.com.br\/index.php\/wp-json\/wp\/v2\/users\/2"}],"replies":[{"embeddable":true,"href":"https:\/\/diabahia.com.br\/index.php\/wp-json\/wp\/v2\/comments?post=10694"}],"version-history":[{"count":0,"href":"https:\/\/diabahia.com.br\/index.php\/wp-json\/wp\/v2\/posts\/10694\/revisions"}],"wp:featuredmedia":[{"embeddable":true,"href":"https:\/\/diabahia.com.br\/index.php\/wp-json\/wp\/v2\/media\/10695"}],"wp:attachment":[{"href":"https:\/\/diabahia.com.br\/index.php\/wp-json\/wp\/v2\/media?parent=10694"}],"wp:term":[{"taxonomy":"category","embeddable":true,"href":"https:\/\/diabahia.com.br\/index.php\/wp-json\/wp\/v2\/categories?post=10694"},{"taxonomy":"post_tag","embeddable":true,"href":"https:\/\/diabahia.com.br\/index.php\/wp-json\/wp\/v2\/tags?post=10694"}],"curies":[{"name":"wp","href":"https:\/\/api.w.org\/{rel}","templated":true}]}}