{"id":10575,"date":"2024-07-25T15:50:49","date_gmt":"2024-07-25T18:50:49","guid":{"rendered":"https:\/\/diabahia.com.br\/?p=10575"},"modified":"2024-07-25T15:50:51","modified_gmt":"2024-07-25T18:50:51","slug":"bruno-tera-a-maior-vitoria-de-capital-no-brasil-crava-deputado","status":"publish","type":"post","link":"https:\/\/diabahia.com.br\/index.php\/2024\/07\/25\/bruno-tera-a-maior-vitoria-de-capital-no-brasil-crava-deputado\/","title":{"rendered":"&#8220;Bruno ter\u00e1 a maior vit\u00f3ria de capital no Brasil&#8221;, crava deputado"},"content":{"rendered":"\n<p>Presente na conven\u00e7\u00e3o que oficializar\u00e1 o prefeito de Salvador,&nbsp;Bruno Reis&nbsp;(Uni\u00e3o Brasil), como candidato \u00e0 reelei\u00e7\u00e3o, no Centro de Conven\u00e7\u00f5es, na tarde desta quinta-feira, 25, o deputado federal Dal (Uni\u00e3o Brasil) cravou que o aliado ter\u00e1 a maior vit\u00f3ria de um gestor de capital no primeiro turno das elei\u00e7\u00f5es.<\/p>\n\n\n\n<p>Dal afirmou que Bruno \u00e9 o nome certo para dar continuidade ao projeto do grupo pol\u00edtico na cidade por mais quatro anos. O parlamentar ainda prometeu participar ativamente da campanha do prefeito nas ruas de Salvador.<\/p>\n\n\n\n<p>&#8220;\u00c9 o candidato para dar continuidade ao que vem fazendo [&#8230;] 12 anos de muitas conquistas em Salvador, e agora a gente v\u00ea que o povo de Salvador, por mais quatro anos, vai decidir pela continuidade de Bruno, para que a gente possa ter uma Salvador crescente a todo momento&#8221;, iniciou Dal.<\/p>\n\n\n\n<p>&#8220;As pesquisas que Bruno est\u00e1 disparado para vencer no primeiro turno, tem o meu total apoio. Vou estar aqui nas ruas percorrendo juntamente com o Uni\u00e3o Brasil e os demais partidos coligados para que a gente fa\u00e7a a maior vit\u00f3ria do Brasil&#8221;, continuou.<\/p>\n\n\n\n<p>&#8220;Bruno ter\u00e1 a maior vit\u00f3ria de capital no Brasil no primeiro turno. Vai ganhar no primeiro turno com o maior percentual em todas as capitais do Brasil&#8221;, completou Dal.<\/p>\n\n\n\n<p>O parlamentar, que est\u00e1 no primeiro mandato como deputado federal, pontuou que n\u00e3o v\u00ea problema em compor o governo Luiz In\u00e1cio Lula da Silva (PT), mesmo estando em campos opostos na Bahia. O Uni\u00e3o Brasil, partido de Dal, tem tr\u00eas minist\u00e9rios no Pal\u00e1cio do Planalto.<\/p>\n\n\n\n<p>&#8220;N\u00e3o vejo dificuldade nenhuma. A gente tem que estar com quem o povo escolheu, se o povo escolheu o atual presidente, a gente tem que entender e dar a nossa colabora\u00e7\u00e3o. Se foi convidado para indicar algum minist\u00e9rio, a gente tem que fazer nossa parte, trabalhar pela melhoria do pa\u00eds&#8221;, disse o deputado.<\/p>\n\n\n\n<p>Fonte: A Tarde <\/p>\n","protected":false},"excerpt":{"rendered":"<p>Presente na conven\u00e7\u00e3o que oficializar\u00e1 o prefeito de Salvador,&nbsp;Bruno Reis&nbsp;(Uni\u00e3o Brasil), como candidato \u00e0 reelei\u00e7\u00e3o, no Centro de Conven\u00e7\u00f5es, na tarde desta quinta-feira, 25, o deputado federal Dal (Uni\u00e3o Brasil) cravou que o aliado ter\u00e1 a maior vit\u00f3ria de um gestor de capital no primeiro turno das elei\u00e7\u00f5es. Dal afirmou que Bruno \u00e9 o nome [&hellip;]<\/p>\n","protected":false},"author":2,"featured_media":10577,"comment_status":"open","ping_status":"open","sticky":false,"template":"","format":"standard","meta":{"footnotes":""},"categories":[91],"tags":[],"class_list":["post-10575","post","type-post","status-publish","format-standard","has-post-thumbnail","hentry","category-politica"],"_links":{"self":[{"href":"https:\/\/diabahia.com.br\/index.php\/wp-json\/wp\/v2\/posts\/10575","targetHints":{"allow":["GET"]}}],"collection":[{"href":"https:\/\/diabahia.com.br\/index.php\/wp-json\/wp\/v2\/posts"}],"about":[{"href":"https:\/\/diabahia.com.br\/index.php\/wp-json\/wp\/v2\/types\/post"}],"author":[{"embeddable":true,"href":"https:\/\/diabahia.com.br\/index.php\/wp-json\/wp\/v2\/users\/2"}],"replies":[{"embeddable":true,"href":"https:\/\/diabahia.com.br\/index.php\/wp-json\/wp\/v2\/comments?post=10575"}],"version-history":[{"count":0,"href":"https:\/\/diabahia.com.br\/index.php\/wp-json\/wp\/v2\/posts\/10575\/revisions"}],"wp:featuredmedia":[{"embeddable":true,"href":"https:\/\/diabahia.com.br\/index.php\/wp-json\/wp\/v2\/media\/10577"}],"wp:attachment":[{"href":"https:\/\/diabahia.com.br\/index.php\/wp-json\/wp\/v2\/media?parent=10575"}],"wp:term":[{"taxonomy":"category","embeddable":true,"href":"https:\/\/diabahia.com.br\/index.php\/wp-json\/wp\/v2\/categories?post=10575"},{"taxonomy":"post_tag","embeddable":true,"href":"https:\/\/diabahia.com.br\/index.php\/wp-json\/wp\/v2\/tags?post=10575"}],"curies":[{"name":"wp","href":"https:\/\/api.w.org\/{rel}","templated":true}]}}